{"id":9831,"date":"2022-12-06T00:01:33","date_gmt":"2022-12-06T06:01:33","guid":{"rendered":"https:\/\/elrotativo.mx\/portal\/?p=9831"},"modified":"2022-12-06T00:01:36","modified_gmt":"2022-12-06T06:01:36","slug":"detiene-ssp-a-sujeto-con-arma-de-fuego-en-minatitlan","status":"publish","type":"post","link":"https:\/\/elrotativo.com.mx\/portal\/detiene-ssp-a-sujeto-con-arma-de-fuego-en-minatitlan\/","title":{"rendered":"<strong>Detiene SSP a sujeto con arma de fuego en Minatitl\u00e1n<\/strong>"},"content":{"rendered":"\n<p class=\"wp-block-paragraph\">Xalapa, Ver.- Efectivos de la Secretar\u00eda de Seguridad P\u00fablica (SSP), a trav\u00e9s de Polic\u00eda Estatal aprehendieron a un individuo por presunta portaci\u00f3n ilegal de arma de fuego en el municipio de Minatitl\u00e1n.<\/p>\n\n\n\n<p class=\"wp-block-paragraph\">Los hechos ocurrieron cuando los oficiales realizaban recorridos preventivos en la calle Reyes Azteca de Minatitl\u00e1n, ah\u00ed detectaron a un sujeto sospechoso a bordo de un veh\u00edculo Chevrolet, placas PDH6705.<\/p>\n\n\n\n<p class=\"wp-block-paragraph\">De inmediato le marcaron el alto a Roberto \u201cN\u201d, y al realizarle una revisi\u00f3n preventiva le encontraron un arma de fuego corta, tipo revolver calibre .22 y cartuchos \u00fatiles, sin que pudiera comprobar la legal procedencia del arma.<\/p>\n\n\n\n<p class=\"wp-block-paragraph\">Asimismo, en el municipio de Ixmatlahuacan elementos de Polic\u00eda Estatal, localizaron dos remolques, ambos de marca Operbus, placas 75UJ2L del S.P.F y placas 74UJ2L del S.P.F y un Dolly, con reporte de robo.<\/p>\n\n\n\n<p class=\"wp-block-paragraph\">El detenido y lo asegurado fue puesto a disposici\u00f3n de la autoridad correspondiente, para los tr\u00e1mites de ley.<\/p>\n","protected":false},"excerpt":{"rendered":"<p>Xalapa, Ver.- Efectivos de la Secretar\u00eda de Seguridad P\u00fablica (SSP), a trav\u00e9s de Polic\u00eda Estatal aprehendieron a un individuo por presunta portaci\u00f3n ilegal de arma de fuego en el municipio de Minatitl\u00e1n. Los hechos ocurrieron cuando los oficiales realizaban recorridos preventivos en la calle Reyes Azteca de Minatitl\u00e1n, ah\u00ed detectaron a un sujeto sospechoso a [&hellip;]<\/p>\n","protected":false},"author":1,"featured_media":9832,"comment_status":"open","ping_status":"open","sticky":false,"template":"","format":"standard","meta":{"tdm_status":"","tdm_grid_status":"","footnotes":""},"categories":[7],"tags":[],"class_list":["post-9831","post","type-post","status-publish","format-standard","has-post-thumbnail","category-policiaca"],"_links":{"self":[{"href":"https:\/\/elrotativo.com.mx\/portal\/wp-json\/wp\/v2\/posts\/9831","targetHints":{"allow":["GET"]}}],"collection":[{"href":"https:\/\/elrotativo.com.mx\/portal\/wp-json\/wp\/v2\/posts"}],"about":[{"href":"https:\/\/elrotativo.com.mx\/portal\/wp-json\/wp\/v2\/types\/post"}],"author":[{"embeddable":true,"href":"https:\/\/elrotativo.com.mx\/portal\/wp-json\/wp\/v2\/users\/1"}],"replies":[{"embeddable":true,"href":"https:\/\/elrotativo.com.mx\/portal\/wp-json\/wp\/v2\/comments?post=9831"}],"version-history":[{"count":1,"href":"https:\/\/elrotativo.com.mx\/portal\/wp-json\/wp\/v2\/posts\/9831\/revisions"}],"predecessor-version":[{"id":9833,"href":"https:\/\/elrotativo.com.mx\/portal\/wp-json\/wp\/v2\/posts\/9831\/revisions\/9833"}],"wp:featuredmedia":[{"embeddable":true,"href":"https:\/\/elrotativo.com.mx\/portal\/wp-json\/wp\/v2\/media\/9832"}],"wp:attachment":[{"href":"https:\/\/elrotativo.com.mx\/portal\/wp-json\/wp\/v2\/media?parent=9831"}],"wp:term":[{"taxonomy":"category","embeddable":true,"href":"https:\/\/elrotativo.com.mx\/portal\/wp-json\/wp\/v2\/categories?post=9831"},{"taxonomy":"post_tag","embeddable":true,"href":"https:\/\/elrotativo.com.mx\/portal\/wp-json\/wp\/v2\/tags?post=9831"}],"curies":[{"name":"wp","href":"https:\/\/api.w.org\/{rel}","templated":true}]}}