{"id":9827,"date":"2022-12-05T23:58:27","date_gmt":"2022-12-06T05:58:27","guid":{"rendered":"https:\/\/elrotativo.mx\/portal\/?p=9827"},"modified":"2022-12-05T23:58:29","modified_gmt":"2022-12-06T05:58:29","slug":"inaugura-alcalde-de-rafael-delgado-calle-pavimentada-en-cabecera-municipal","status":"publish","type":"post","link":"https:\/\/elrotativo.com.mx\/portal\/inaugura-alcalde-de-rafael-delgado-calle-pavimentada-en-cabecera-municipal\/","title":{"rendered":"<strong>Inaugura alcalde de Rafael Delgado, calle pavimentada en cabecera municipal<\/strong>"},"content":{"rendered":"\n<p class=\"wp-block-paragraph\">Rafael Delgado, Ver.- \u201cEntregamos una obra m\u00e1s, estamos pendientes y conscientes de lo que nuestro pueblo necesita, seguiremos laborando para su bienestar y mejores condiciones de vida\u201d, mencion\u00f3 el presidente municipal de Rafael Delgado, Isauro Ambrosio Tocohua, despu\u00e9s de cortar el list\u00f3n inaugural de la pavimentaci\u00f3n con concreto hidr\u00e1ulico y rehabilitaci\u00f3n de red de agua entubada en la privada de calle 1 entre calle sin nombre y calle Emiliano Zapata de Primer Barrio.&nbsp;<\/p>\n\n\n\n<p class=\"wp-block-paragraph\">El edil afirm\u00f3 que en estos 12 meses que han trascurrido se han hecho buenas labores en el municipio y que con el apoyo de los ciudadanos se realizar\u00e1n m\u00e1s proyectos durante la administraci\u00f3n 2022-2025.&nbsp;<\/p>\n\n\n\n<p class=\"wp-block-paragraph\">Al arribar a la privada de calle 1, fue abordado por los vecinos de Primer Barrio quienes le agradecieron que haya tomado inter\u00e9s en mejorar las v\u00edas p\u00fablicas y trabajar por todo el municipio y sus localidades.<\/p>\n\n\n\n<p class=\"wp-block-paragraph\">\u201cHan venido muchas administraciones y ninguno hab\u00eda atendido nuestra solicitud. Estamos muy agradecidos con usted, usted ser\u00e1 recordado como un buen alcalde que si trabaj\u00f3 y se preocup\u00f3 por su pueblo\u201d, as\u00ed lo mencion\u00f3 el ciudadano, Miguel Hern\u00e1ndez Reyes.<\/p>\n\n\n\n<p class=\"wp-block-paragraph\">Ante esas palabras el alcalde manifest\u00f3 su agradecimiento y confianza. De igual manera resalt\u00f3 que su palabra sigue empe\u00f1ada en continuar realizando m\u00e1s obras para el beneficio de todos.<\/p>\n\n\n\n<p class=\"wp-block-paragraph\">\u201cGracias por seguir trabajando con nosotros de la mano, estamos al frente de esta administraci\u00f3n para mejorar todos los aspectos de nuestro pueblo. Hoy Rafael Delgado vive un cambio verdadero y as\u00ed continuar\u00e1 en lo que nos quede de administraci\u00f3n\u201d.&nbsp;<\/p>\n\n\n\n<p class=\"wp-block-paragraph\">Esta es una obra de concreto hidr\u00e1ulico y red de agua entubada que se realiz\u00f3 a trav\u00e9s del Fondo de Aportaciones para la Infraestructura Social Municipal y de las Demarcaciones Territoriales de Distrito Federal (FISM-DF 2022).&nbsp;<\/p>\n\n\n\n<p class=\"wp-block-paragraph\">A esta inauguraci\u00f3n tambi\u00e9n acudi\u00f3 la s\u00edndica \u00fanica, Norma Reyes S\u00e1nchez; el director de Obras P\u00fablicas, Mario D\u00edaz L\u00f3pez; el Secretario Municipal, Roberto Montero Ram\u00edrez; el contralor interno, Jes\u00fas Arturo Ram\u00edrez y la coordinadora del Ramo 033, Mar\u00eda F\u00e9lix L\u00f3pez de Jes\u00fas.<\/p>\n","protected":false},"excerpt":{"rendered":"<p>Rafael Delgado, Ver.- \u201cEntregamos una obra m\u00e1s, estamos pendientes y conscientes de lo que nuestro pueblo necesita, seguiremos laborando para su bienestar y mejores condiciones de vida\u201d, mencion\u00f3 el presidente municipal de Rafael Delgado, Isauro Ambrosio Tocohua, despu\u00e9s de cortar el list\u00f3n inaugural de la pavimentaci\u00f3n con concreto hidr\u00e1ulico y rehabilitaci\u00f3n de red de agua [&hellip;]<\/p>\n","protected":false},"author":1,"featured_media":9798,"comment_status":"open","ping_status":"open","sticky":false,"template":"","format":"standard","meta":{"tdm_status":"","tdm_grid_status":"","footnotes":""},"categories":[10],"tags":[],"class_list":["post-9827","post","type-post","status-publish","format-standard","has-post-thumbnail","category-local-regional"],"_links":{"self":[{"href":"https:\/\/elrotativo.com.mx\/portal\/wp-json\/wp\/v2\/posts\/9827","targetHints":{"allow":["GET"]}}],"collection":[{"href":"https:\/\/elrotativo.com.mx\/portal\/wp-json\/wp\/v2\/posts"}],"about":[{"href":"https:\/\/elrotativo.com.mx\/portal\/wp-json\/wp\/v2\/types\/post"}],"author":[{"embeddable":true,"href":"https:\/\/elrotativo.com.mx\/portal\/wp-json\/wp\/v2\/users\/1"}],"replies":[{"embeddable":true,"href":"https:\/\/elrotativo.com.mx\/portal\/wp-json\/wp\/v2\/comments?post=9827"}],"version-history":[{"count":1,"href":"https:\/\/elrotativo.com.mx\/portal\/wp-json\/wp\/v2\/posts\/9827\/revisions"}],"predecessor-version":[{"id":9828,"href":"https:\/\/elrotativo.com.mx\/portal\/wp-json\/wp\/v2\/posts\/9827\/revisions\/9828"}],"wp:featuredmedia":[{"embeddable":true,"href":"https:\/\/elrotativo.com.mx\/portal\/wp-json\/wp\/v2\/media\/9798"}],"wp:attachment":[{"href":"https:\/\/elrotativo.com.mx\/portal\/wp-json\/wp\/v2\/media?parent=9827"}],"wp:term":[{"taxonomy":"category","embeddable":true,"href":"https:\/\/elrotativo.com.mx\/portal\/wp-json\/wp\/v2\/categories?post=9827"},{"taxonomy":"post_tag","embeddable":true,"href":"https:\/\/elrotativo.com.mx\/portal\/wp-json\/wp\/v2\/tags?post=9827"}],"curies":[{"name":"wp","href":"https:\/\/api.w.org\/{rel}","templated":true}]}}