{"id":9510,"date":"2022-11-29T23:09:08","date_gmt":"2022-11-30T05:09:08","guid":{"rendered":"https:\/\/elrotativo.mx\/portal\/?p=9510"},"modified":"2022-11-29T23:09:09","modified_gmt":"2022-11-30T05:09:09","slug":"convoca-ivec-a-la-muestra-de-pinatas-navidenas-2022","status":"publish","type":"post","link":"https:\/\/elrotativo.com.mx\/portal\/convoca-ivec-a-la-muestra-de-pinatas-navidenas-2022\/","title":{"rendered":"<strong>Convoca IVEC a la Muestra de Pi\u00f1atas Navide\u00f1as 2022<\/strong>"},"content":{"rendered":"\n<p class=\"wp-block-paragraph\">Orizaba, Ver.- Con el objetivo de preservar y promover las tradiciones decembrinas mexicanas, el Instituto Veracruzano de la Cultura, a trav\u00e9s del Museo de Arte del Estado de Veracruz, convoca a las instituciones educativas de nivel medio y superior de la regi\u00f3n de las Altas Monta\u00f1as a participar en la Muestra de Pi\u00f1atas Navide\u00f1as 2022.<\/p>\n\n\n\n<p class=\"wp-block-paragraph\">Esta iniciativa tiene como prop\u00f3sito principal promover las formas tradicionales de expresi\u00f3n artesanal de la cultura popular mexicana entre las nuevas generaciones. En la muestra podr\u00e1n participar las instituciones educativas p\u00fablicas y privadas de la regi\u00f3n monta\u00f1osa del estado, presentando una pi\u00f1ata elaborada con base en los criterios de alguna de las dos categor\u00edas de la presente convocatoria: Pi\u00f1ata tradicional o Dise\u00f1o libre.<\/p>\n\n\n\n<p class=\"wp-block-paragraph\">La pi\u00f1ata debe realizarse de forma colectiva por equipos de alumnas y alumnos, maestras y maestros o el personal administrativo de cada instituci\u00f3n. No se aceptar\u00e1n pi\u00f1atas que est\u00e9n o hayan participado en otras muestras, o bien hayan sido premiadas con anterioridad.<\/p>\n\n\n\n<p class=\"wp-block-paragraph\">Las pi\u00f1atas elaboradas en la categor\u00eda de Pi\u00f1ata tradicional se evaluar\u00e1n por su apego a las costumbres y simbolismos de las pi\u00f1atas con forma de estrella, as\u00ed como su originalidad, colorido y presentaci\u00f3n est\u00e9tica. Deber\u00e1n ser construidas a partir de olla de barro y forradas con papel, materiales org\u00e1nicos o reutilizables.<\/p>\n\n\n\n<p class=\"wp-block-paragraph\">En la modalidad de Dise\u00f1o libre se busca incentivar la creatividad, originalidad y est\u00e9tica de los participantes. Para su realizaci\u00f3n quedan prohibidos los materiales pl\u00e1sticos, privilegiando el uso de materiales org\u00e1nicos o biodegradables.<\/p>\n\n\n\n<p class=\"wp-block-paragraph\">Las y los participantes que entreguen las piezas con mayor apego a las caracter\u00edsticas de cada categor\u00eda ser\u00e1n acreedores a un paquete de t\u00edtulos del acervo editorial de Quadrivium Editores y se otorgar\u00e1n constancias a todos los miembros de los equipos participantes.<\/p>\n\n\n\n<p class=\"wp-block-paragraph\">Los planteles interesados en concursar deber\u00e1n registrarse complementando el siguiente formulario: www.ivec.gob.mx\/convocatorias y entregar su pi\u00f1ata de manera presencial en el Museo de Arte del Estado de Veracruz, ubicado en Oriente 4, no. 1262, en el centro de la ciudad de Orizaba. El proceso de inscripci\u00f3n y recepci\u00f3n de pi\u00f1atas comienza el 1 de diciembre y cierra el s\u00e1bado 10 de diciembre de 2022, a las 15:00 horas.<\/p>\n\n\n\n<p class=\"wp-block-paragraph\">Las pi\u00f1atas seleccionadas conformar\u00e1n una exposici\u00f3n que podr\u00e1 visitarse de manera presencial en el patio central del MAEV, &nbsp;a partir del 14 de diciembre de 2022 al 6 de enero de 2023. Las piezas ganadoras se dar\u00e1n a conocer el jueves 15 de diciembre en la p\u00e1gina web www.ivec.gob.mx y a trav\u00e9s de las redes sociales Facebook y Twitter @MAEVorizaba; mismo d\u00eda en el que se llevar\u00e1 a cabo la entrega de constancias en las instalaciones del museo. La devoluci\u00f3n de las pi\u00f1atas se realizar\u00e1 los d\u00edas 7, 8 y 9 de enero de 2023, de 10:00 a 17:00 horas.<\/p>\n\n\n\n<p class=\"wp-block-paragraph\">Consulta las bases de la Muestra de Pi\u00f1atas Navide\u00f1as 2022 en www.ivec.gob.mx. Para m\u00e1s informaci\u00f3n, llamar al tel\u00e9fono 272.724.3200, en horario de mi\u00e9rcoles a s\u00e1bado de 10:00 a 18:00 horas, o escribir a la cuenta de correo electr\u00f3nico maevmediacion@ivec.gob.mx.<\/p>\n","protected":false},"excerpt":{"rendered":"<p>Orizaba, Ver.- Con el objetivo de preservar y promover las tradiciones decembrinas mexicanas, el Instituto Veracruzano de la Cultura, a trav\u00e9s del Museo de Arte del Estado de Veracruz, convoca a las instituciones educativas de nivel medio y superior de la regi\u00f3n de las Altas Monta\u00f1as a participar en la Muestra de Pi\u00f1atas Navide\u00f1as 2022. [&hellip;]<\/p>\n","protected":false},"author":1,"featured_media":9457,"comment_status":"open","ping_status":"open","sticky":false,"template":"","format":"standard","meta":{"tdm_status":"","tdm_grid_status":"","footnotes":""},"categories":[10],"tags":[],"class_list":["post-9510","post","type-post","status-publish","format-standard","has-post-thumbnail","category-local-regional"],"_links":{"self":[{"href":"https:\/\/elrotativo.com.mx\/portal\/wp-json\/wp\/v2\/posts\/9510","targetHints":{"allow":["GET"]}}],"collection":[{"href":"https:\/\/elrotativo.com.mx\/portal\/wp-json\/wp\/v2\/posts"}],"about":[{"href":"https:\/\/elrotativo.com.mx\/portal\/wp-json\/wp\/v2\/types\/post"}],"author":[{"embeddable":true,"href":"https:\/\/elrotativo.com.mx\/portal\/wp-json\/wp\/v2\/users\/1"}],"replies":[{"embeddable":true,"href":"https:\/\/elrotativo.com.mx\/portal\/wp-json\/wp\/v2\/comments?post=9510"}],"version-history":[{"count":1,"href":"https:\/\/elrotativo.com.mx\/portal\/wp-json\/wp\/v2\/posts\/9510\/revisions"}],"predecessor-version":[{"id":9511,"href":"https:\/\/elrotativo.com.mx\/portal\/wp-json\/wp\/v2\/posts\/9510\/revisions\/9511"}],"wp:featuredmedia":[{"embeddable":true,"href":"https:\/\/elrotativo.com.mx\/portal\/wp-json\/wp\/v2\/media\/9457"}],"wp:attachment":[{"href":"https:\/\/elrotativo.com.mx\/portal\/wp-json\/wp\/v2\/media?parent=9510"}],"wp:term":[{"taxonomy":"category","embeddable":true,"href":"https:\/\/elrotativo.com.mx\/portal\/wp-json\/wp\/v2\/categories?post=9510"},{"taxonomy":"post_tag","embeddable":true,"href":"https:\/\/elrotativo.com.mx\/portal\/wp-json\/wp\/v2\/tags?post=9510"}],"curies":[{"name":"wp","href":"https:\/\/api.w.org\/{rel}","templated":true}]}}