{"id":9506,"date":"2022-11-29T23:06:07","date_gmt":"2022-11-30T05:06:07","guid":{"rendered":"https:\/\/elrotativo.mx\/portal\/?p=9506"},"modified":"2022-11-29T23:06:08","modified_gmt":"2022-11-30T05:06:08","slug":"exigen-justicia-para-joven-su-asesino-huyo-a-estados-unidos","status":"publish","type":"post","link":"https:\/\/elrotativo.com.mx\/portal\/exigen-justicia-para-joven-su-asesino-huyo-a-estados-unidos\/","title":{"rendered":"<strong>Exigen justicia para joven; su asesino huy\u00f3 a Estados Unidos<\/strong>"},"content":{"rendered":"\n<p class=\"wp-block-paragraph\">Texhuacan, Ver.- Familiares y amigos de Jos\u00e9 Luis Choncoa, se manifestaron en el Palacio Municipal de Texhuacan a 5 d\u00edas de su asesinato, esto para exigir a las autoridades la detenci\u00f3n del presunto asesino identificado como Baudel\u00edn \u201cN\u201d.<\/p>\n\n\n\n<p class=\"wp-block-paragraph\">Los manifestantes se plantaron frente al Palacio donde se suscit\u00f3 el asesinato para exigir justicia a las autoridades, ya que van cinco d\u00edas y no hay adelanto en el proceso, pues al parecer no hay ninguna carpeta abierta por el mencionado asesinato.<\/p>\n\n\n\n<p class=\"wp-block-paragraph\">Despu\u00e9s del sepelio de Jos\u00e9 Luis Choncoa, los ah\u00ed presentes se trasladaron ante el lugar antes citado, donde los manifestantes pincharon las llantas de las patrullas que se encontraban en el lugar y amenazaban con prenderle fuego al inmueble.<\/p>\n\n\n\n<p class=\"wp-block-paragraph\">Y es que fue el pasado viernes 25 de noviembre, el presunto asesino golpe\u00f3 brutalmente al joven Luis Choncoa hasta causarle la muerte y despu\u00e9s escapar del sitio.<\/p>\n\n\n\n<p class=\"wp-block-paragraph\">Algunos lugare\u00f1os mencionaron que el supuesto homicida huy\u00f3 con rumbo a Estados Unidos para as\u00ed evadir su responsabilidad.<\/p>\n","protected":false},"excerpt":{"rendered":"<p>Texhuacan, Ver.- Familiares y amigos de Jos\u00e9 Luis Choncoa, se manifestaron en el Palacio Municipal de Texhuacan a 5 d\u00edas de su asesinato, esto para exigir a las autoridades la detenci\u00f3n del presunto asesino identificado como Baudel\u00edn \u201cN\u201d. Los manifestantes se plantaron frente al Palacio donde se suscit\u00f3 el asesinato para exigir justicia a las [&hellip;]<\/p>\n","protected":false},"author":1,"featured_media":9462,"comment_status":"open","ping_status":"open","sticky":false,"template":"","format":"standard","meta":{"tdm_status":"","tdm_grid_status":"","footnotes":""},"categories":[10],"tags":[],"class_list":["post-9506","post","type-post","status-publish","format-standard","has-post-thumbnail","category-local-regional"],"_links":{"self":[{"href":"https:\/\/elrotativo.com.mx\/portal\/wp-json\/wp\/v2\/posts\/9506","targetHints":{"allow":["GET"]}}],"collection":[{"href":"https:\/\/elrotativo.com.mx\/portal\/wp-json\/wp\/v2\/posts"}],"about":[{"href":"https:\/\/elrotativo.com.mx\/portal\/wp-json\/wp\/v2\/types\/post"}],"author":[{"embeddable":true,"href":"https:\/\/elrotativo.com.mx\/portal\/wp-json\/wp\/v2\/users\/1"}],"replies":[{"embeddable":true,"href":"https:\/\/elrotativo.com.mx\/portal\/wp-json\/wp\/v2\/comments?post=9506"}],"version-history":[{"count":1,"href":"https:\/\/elrotativo.com.mx\/portal\/wp-json\/wp\/v2\/posts\/9506\/revisions"}],"predecessor-version":[{"id":9507,"href":"https:\/\/elrotativo.com.mx\/portal\/wp-json\/wp\/v2\/posts\/9506\/revisions\/9507"}],"wp:featuredmedia":[{"embeddable":true,"href":"https:\/\/elrotativo.com.mx\/portal\/wp-json\/wp\/v2\/media\/9462"}],"wp:attachment":[{"href":"https:\/\/elrotativo.com.mx\/portal\/wp-json\/wp\/v2\/media?parent=9506"}],"wp:term":[{"taxonomy":"category","embeddable":true,"href":"https:\/\/elrotativo.com.mx\/portal\/wp-json\/wp\/v2\/categories?post=9506"},{"taxonomy":"post_tag","embeddable":true,"href":"https:\/\/elrotativo.com.mx\/portal\/wp-json\/wp\/v2\/tags?post=9506"}],"curies":[{"name":"wp","href":"https:\/\/api.w.org\/{rel}","templated":true}]}}