{"id":9504,"date":"2022-11-29T23:04:17","date_gmt":"2022-11-30T05:04:17","guid":{"rendered":"https:\/\/elrotativo.mx\/portal\/?p=9504"},"modified":"2022-11-29T23:04:18","modified_gmt":"2022-11-30T05:04:18","slug":"participaron-mas-de-19-mil-en-la-consulta-infantil-y-juvenil-2021","status":"publish","type":"post","link":"https:\/\/elrotativo.com.mx\/portal\/participaron-mas-de-19-mil-en-la-consulta-infantil-y-juvenil-2021\/","title":{"rendered":"<strong>Participaron m\u00e1s de 19 mil en la Consulta Infantil y Juvenil 2021<\/strong>"},"content":{"rendered":"\n<p class=\"wp-block-paragraph\">Orizaba, Ver.- Con una participaci\u00f3n de 19 mil 953 ni\u00f1os, ni\u00f1as y adolescentes de rangos de 3 a 17 a\u00f1os en todo el Distrito XV, se llev\u00f3 a cabo la Consulta Infantil y Juvenil 2022, inform\u00f3 la vocal de Capacitaci\u00f3n Electoral y Educaci\u00f3n C\u00edvica en el Distrito XV del Instituto Nacional Electoral (INE), Yazm\u00edn Hern\u00e1ndez Cora.<\/p>\n\n\n\n<p class=\"wp-block-paragraph\">\u00abEst\u00e1 es la \u00faltima fase de la socializaci\u00f3n de la consulta Infantil y Juvenil, el INE hemos llevado diferentes acciones para poder impactar en acciones concretas las problem\u00e1ticas que expresaron ni\u00f1as y ni\u00f1os en el Distrito\u00bb.<\/p>\n\n\n\n<p class=\"wp-block-paragraph\">Durante la entrega de resultados en un evento realizado la ma\u00f1ana del martes, en donde participaron autoridades municipales y educativas, as\u00ed como organizaciones civiles, se les dio a conocer los resultados de las problem\u00e1ticas plasmadas en la consulta, y que fueron previamente discutidas mediante talleres durante el mes de octubre en los municipios del Distrito, para que se den acciones que impacten en pol\u00edticas p\u00fablicas.<\/p>\n\n\n\n<p class=\"wp-block-paragraph\">La funcionaria electoral refiri\u00f3 que a trav\u00e9s del conocimiento de las inquietudes que tuvieron los ni\u00f1os y adolescentes, se busca lograr acuerdos y compromisos de atenci\u00f3n a esas problem\u00e1ticas durante el 2023, quedando plasmado en un documento de agenda p\u00fablica con iniciativas.<\/p>\n\n\n\n<p class=\"wp-block-paragraph\">Finalmente detall\u00f3 que la mayor atenci\u00f3n se requiere en el tema de derechos humanos, pues la discriminaci\u00f3n y acoso escolar fue lo m\u00e1s notable durante la consulta; otro de los temas de mayor consideraci\u00f3n es el cuidado del planeta, algo que han observado los ni\u00f1os y adolescentes.<\/p>\n","protected":false},"excerpt":{"rendered":"<p>Orizaba, Ver.- Con una participaci\u00f3n de 19 mil 953 ni\u00f1os, ni\u00f1as y adolescentes de rangos de 3 a 17 a\u00f1os en todo el Distrito XV, se llev\u00f3 a cabo la Consulta Infantil y Juvenil 2022, inform\u00f3 la vocal de Capacitaci\u00f3n Electoral y Educaci\u00f3n C\u00edvica en el Distrito XV del Instituto Nacional Electoral (INE), Yazm\u00edn Hern\u00e1ndez [&hellip;]<\/p>\n","protected":false},"author":1,"featured_media":9471,"comment_status":"open","ping_status":"open","sticky":false,"template":"","format":"standard","meta":{"tdm_status":"","tdm_grid_status":"","footnotes":""},"categories":[10],"tags":[],"class_list":["post-9504","post","type-post","status-publish","format-standard","has-post-thumbnail","category-local-regional"],"_links":{"self":[{"href":"https:\/\/elrotativo.com.mx\/portal\/wp-json\/wp\/v2\/posts\/9504","targetHints":{"allow":["GET"]}}],"collection":[{"href":"https:\/\/elrotativo.com.mx\/portal\/wp-json\/wp\/v2\/posts"}],"about":[{"href":"https:\/\/elrotativo.com.mx\/portal\/wp-json\/wp\/v2\/types\/post"}],"author":[{"embeddable":true,"href":"https:\/\/elrotativo.com.mx\/portal\/wp-json\/wp\/v2\/users\/1"}],"replies":[{"embeddable":true,"href":"https:\/\/elrotativo.com.mx\/portal\/wp-json\/wp\/v2\/comments?post=9504"}],"version-history":[{"count":1,"href":"https:\/\/elrotativo.com.mx\/portal\/wp-json\/wp\/v2\/posts\/9504\/revisions"}],"predecessor-version":[{"id":9505,"href":"https:\/\/elrotativo.com.mx\/portal\/wp-json\/wp\/v2\/posts\/9504\/revisions\/9505"}],"wp:featuredmedia":[{"embeddable":true,"href":"https:\/\/elrotativo.com.mx\/portal\/wp-json\/wp\/v2\/media\/9471"}],"wp:attachment":[{"href":"https:\/\/elrotativo.com.mx\/portal\/wp-json\/wp\/v2\/media?parent=9504"}],"wp:term":[{"taxonomy":"category","embeddable":true,"href":"https:\/\/elrotativo.com.mx\/portal\/wp-json\/wp\/v2\/categories?post=9504"},{"taxonomy":"post_tag","embeddable":true,"href":"https:\/\/elrotativo.com.mx\/portal\/wp-json\/wp\/v2\/tags?post=9504"}],"curies":[{"name":"wp","href":"https:\/\/api.w.org\/{rel}","templated":true}]}}