{"id":9502,"date":"2022-11-29T23:02:25","date_gmt":"2022-11-30T05:02:25","guid":{"rendered":"https:\/\/elrotativo.mx\/portal\/?p=9502"},"modified":"2022-11-29T23:02:27","modified_gmt":"2022-11-30T05:02:27","slug":"reinicia-colecta-anual-de-la-cruz-roja","status":"publish","type":"post","link":"https:\/\/elrotativo.com.mx\/portal\/reinicia-colecta-anual-de-la-cruz-roja\/","title":{"rendered":"<strong>Reinicia colecta anual de la Cruz Roja<\/strong>"},"content":{"rendered":"\n<p class=\"wp-block-paragraph\"><strong>*Diez dona salario a la benem\u00e9rita instituci\u00f3n<\/strong><\/p>\n\n\n\n<p class=\"wp-block-paragraph\">Orizaba, Ver.- Luego de dos a\u00f1os de haberse suspendido a causa de la pandemia del COVID-19, este 2022 se retom\u00f3 la Colecta Anual de la Cruz Roja, inform\u00f3 la presidenta de la delegaci\u00f3n en Orizaba,&nbsp;X\u00f3chitl Sosa de Garc\u00eda.<\/p>\n\n\n\n<p class=\"wp-block-paragraph\">En rueda de prensa detall\u00f3 que este a\u00f1o se utilizar\u00e1 el slogan \u201cAy\u00fadanos a tener una batalla justa\u201d, bajo el cual se invita a los ciudadanos a solidarizarse con la benem\u00e9rita instituci\u00f3n al recordar que el recurso recaudado es para su sostenimiento.<\/p>\n\n\n\n<p class=\"wp-block-paragraph\">\u201cNosotros no cobramos ni un quinto por levantar a una persona, as\u00ed sean heridos, as\u00ed sean derrapes de motos, as\u00ed qu\u00e9 todo lo que sea de sangre, el coraz\u00f3n altruista de los orizabe\u00f1os contribuir\u00e1 para que la Cruz Roja Mexicana cumpla con sus objetivos\u201d.<\/p>\n\n\n\n<p class=\"wp-block-paragraph\">Record\u00f3 que \u00fanicamente se cobran algunos servicios como inyecciones, suturas, la toma de la presi\u00f3n, la atenci\u00f3n de personas que llegan a emergencias por heridas, dinero que es utilizado para comprar los insumos necesarios para seguir prestando el servicio.<\/p>\n\n\n\n<p class=\"wp-block-paragraph\">Finalmente la presidenta de organismo agradeci\u00f3 al alcalde de Orizaba Juan Manuel Diez la donaci\u00f3n de su salario para esta colecta.<\/p>\n","protected":false},"excerpt":{"rendered":"<p>*Diez dona salario a la benem\u00e9rita instituci\u00f3n Orizaba, Ver.- Luego de dos a\u00f1os de haberse suspendido a causa de la pandemia del COVID-19, este 2022 se retom\u00f3 la Colecta Anual de la Cruz Roja, inform\u00f3 la presidenta de la delegaci\u00f3n en Orizaba,&nbsp;X\u00f3chitl Sosa de Garc\u00eda. En rueda de prensa detall\u00f3 que este a\u00f1o se utilizar\u00e1 [&hellip;]<\/p>\n","protected":false},"author":1,"featured_media":9477,"comment_status":"open","ping_status":"open","sticky":false,"template":"","format":"standard","meta":{"tdm_status":"","tdm_grid_status":"","footnotes":""},"categories":[10],"tags":[],"class_list":["post-9502","post","type-post","status-publish","format-standard","has-post-thumbnail","category-local-regional"],"_links":{"self":[{"href":"https:\/\/elrotativo.com.mx\/portal\/wp-json\/wp\/v2\/posts\/9502","targetHints":{"allow":["GET"]}}],"collection":[{"href":"https:\/\/elrotativo.com.mx\/portal\/wp-json\/wp\/v2\/posts"}],"about":[{"href":"https:\/\/elrotativo.com.mx\/portal\/wp-json\/wp\/v2\/types\/post"}],"author":[{"embeddable":true,"href":"https:\/\/elrotativo.com.mx\/portal\/wp-json\/wp\/v2\/users\/1"}],"replies":[{"embeddable":true,"href":"https:\/\/elrotativo.com.mx\/portal\/wp-json\/wp\/v2\/comments?post=9502"}],"version-history":[{"count":1,"href":"https:\/\/elrotativo.com.mx\/portal\/wp-json\/wp\/v2\/posts\/9502\/revisions"}],"predecessor-version":[{"id":9503,"href":"https:\/\/elrotativo.com.mx\/portal\/wp-json\/wp\/v2\/posts\/9502\/revisions\/9503"}],"wp:featuredmedia":[{"embeddable":true,"href":"https:\/\/elrotativo.com.mx\/portal\/wp-json\/wp\/v2\/media\/9477"}],"wp:attachment":[{"href":"https:\/\/elrotativo.com.mx\/portal\/wp-json\/wp\/v2\/media?parent=9502"}],"wp:term":[{"taxonomy":"category","embeddable":true,"href":"https:\/\/elrotativo.com.mx\/portal\/wp-json\/wp\/v2\/categories?post=9502"},{"taxonomy":"post_tag","embeddable":true,"href":"https:\/\/elrotativo.com.mx\/portal\/wp-json\/wp\/v2\/tags?post=9502"}],"curies":[{"name":"wp","href":"https:\/\/api.w.org\/{rel}","templated":true}]}}