{"id":9500,"date":"2022-11-29T23:00:38","date_gmt":"2022-11-30T05:00:38","guid":{"rendered":"https:\/\/elrotativo.mx\/portal\/?p=9500"},"modified":"2022-11-29T23:00:39","modified_gmt":"2022-11-30T05:00:39","slug":"ofrece-imss-veracruz-sur-seguridad-social-a-periodistas-independientes","status":"publish","type":"post","link":"https:\/\/elrotativo.com.mx\/portal\/ofrece-imss-veracruz-sur-seguridad-social-a-periodistas-independientes\/","title":{"rendered":"<strong>Ofrece IMSS Veracruz Sur, Seguridad Social a periodistas independientes\u00a0<\/strong>"},"content":{"rendered":"\n<p class=\"wp-block-paragraph\">Orizaba, Ver.- Con la finalidad de ofrecer un esquema de Seguridad Social similar al que se otorga para los trabajadores que laboran para un patr\u00f3n, el Instituto Mexicano del Seguro Social (IMSS) en Veracruz Sur pone a disposici\u00f3n de los comunicadores independientes el \u201cPlan de Seguridad Social para Periodistas Independientes\u201d.<\/p>\n\n\n\n<p class=\"wp-block-paragraph\">El encargado de la Jefatura de Servicios de Afiliaci\u00f3n y Cobranza (JAC), maestro Erick S\u00e1nchez Lucho, inform\u00f3 que el IMSS ha dispuesto un esquema integral de Seguro Social simplificado para la incorporaci\u00f3n voluntaria al R\u00e9gimen Obligatorio de los trabajadores de los medios de comunicaci\u00f3n que ejercen su labor de manera independiente.<\/p>\n\n\n\n<p class=\"wp-block-paragraph\">El encargado de la JAC explic\u00f3 que dicha estrategia contempla los beneficios que otorgan las cinco ramas del aseguramiento que son: enfermedades y maternidad; riesgos de trabajo; invalidez y vida; retiro, cesant\u00eda en edad avanzada y vejez; as\u00ed como guarder\u00edas y prestaciones sociales.&nbsp;<\/p>\n\n\n\n<p class=\"wp-block-paragraph\">S\u00e1nchez Lucho detall\u00f3 que la personas interesadas en incorporarse a este programa deber\u00e1n ingresar a la p\u00e1gina http:\/\/www.imss.gob.mx\/periodistas-por-cuenta-propia y cumplir con los siguientes requisitos: Trabajar por cuenta propia, es decir, no contar con ning\u00fan tipo de subordinaci\u00f3n laboral o patr\u00f3n, CURP, N\u00famero de Seguridad Social, RFC, y e.firma, correo electr\u00f3nico personal, curr\u00edculum vitae.<\/p>\n\n\n\n<p class=\"wp-block-paragraph\">Adem\u00e1s del CV, deber\u00e1s presentar una s\u00edntesis curricular y la descripci\u00f3n de las \u00faltimas tres actividades realizadas. Contar con experiencia en un medio de comunicaci\u00f3n, ya sea televisi\u00f3n, radio, prensa escrita o plataforma especializada en periodismo. Comprobar con documentos o constancias verificables. Tener evidencia del trabajo realizado y publicado en los \u00faltimos 12 meses como periodista por cuenta propia.&nbsp;<\/p>\n\n\n\n<p class=\"wp-block-paragraph\">As\u00ed como entregar al menos tres productos de trabajo period\u00edstico, carta con firma aut\u00f3grafa de la autor\u00eda de su trabajo, en la carta se debe declarar que los trabajos entregados son de autor\u00eda propia y que no se encuentra bajo ning\u00fan proceso de posible plagio.<\/p>\n\n\n\n<p class=\"wp-block-paragraph\">Por \u00faltimo, Erick S\u00e1nchez Lucho coment\u00f3 que en caso de presentar problemas t\u00e9cnicos durante el registro en la plataforma o para cualquier duda, se pueden comunicar al tel\u00e9fono 800 953 22 14.<\/p>\n","protected":false},"excerpt":{"rendered":"<p>Orizaba, Ver.- Con la finalidad de ofrecer un esquema de Seguridad Social similar al que se otorga para los trabajadores que laboran para un patr\u00f3n, el Instituto Mexicano del Seguro Social (IMSS) en Veracruz Sur pone a disposici\u00f3n de los comunicadores independientes el \u201cPlan de Seguridad Social para Periodistas Independientes\u201d. El encargado de la Jefatura [&hellip;]<\/p>\n","protected":false},"author":1,"featured_media":9480,"comment_status":"open","ping_status":"open","sticky":false,"template":"","format":"standard","meta":{"tdm_status":"","tdm_grid_status":"","footnotes":""},"categories":[1],"tags":[],"class_list":["post-9500","post","type-post","status-publish","format-standard","has-post-thumbnail","category-sin-categoria"],"_links":{"self":[{"href":"https:\/\/elrotativo.com.mx\/portal\/wp-json\/wp\/v2\/posts\/9500","targetHints":{"allow":["GET"]}}],"collection":[{"href":"https:\/\/elrotativo.com.mx\/portal\/wp-json\/wp\/v2\/posts"}],"about":[{"href":"https:\/\/elrotativo.com.mx\/portal\/wp-json\/wp\/v2\/types\/post"}],"author":[{"embeddable":true,"href":"https:\/\/elrotativo.com.mx\/portal\/wp-json\/wp\/v2\/users\/1"}],"replies":[{"embeddable":true,"href":"https:\/\/elrotativo.com.mx\/portal\/wp-json\/wp\/v2\/comments?post=9500"}],"version-history":[{"count":1,"href":"https:\/\/elrotativo.com.mx\/portal\/wp-json\/wp\/v2\/posts\/9500\/revisions"}],"predecessor-version":[{"id":9501,"href":"https:\/\/elrotativo.com.mx\/portal\/wp-json\/wp\/v2\/posts\/9500\/revisions\/9501"}],"wp:featuredmedia":[{"embeddable":true,"href":"https:\/\/elrotativo.com.mx\/portal\/wp-json\/wp\/v2\/media\/9480"}],"wp:attachment":[{"href":"https:\/\/elrotativo.com.mx\/portal\/wp-json\/wp\/v2\/media?parent=9500"}],"wp:term":[{"taxonomy":"category","embeddable":true,"href":"https:\/\/elrotativo.com.mx\/portal\/wp-json\/wp\/v2\/categories?post=9500"},{"taxonomy":"post_tag","embeddable":true,"href":"https:\/\/elrotativo.com.mx\/portal\/wp-json\/wp\/v2\/tags?post=9500"}],"curies":[{"name":"wp","href":"https:\/\/api.w.org\/{rel}","templated":true}]}}