{"id":9498,"date":"2022-11-29T22:59:23","date_gmt":"2022-11-30T04:59:23","guid":{"rendered":"https:\/\/elrotativo.mx\/portal\/?p=9498"},"modified":"2022-11-29T22:59:25","modified_gmt":"2022-11-30T04:59:25","slug":"lo-vinculan-a-proceso-por-lesiones-dolosas-calificadas","status":"publish","type":"post","link":"https:\/\/elrotativo.com.mx\/portal\/lo-vinculan-a-proceso-por-lesiones-dolosas-calificadas\/","title":{"rendered":"<strong>Lo vinculan a proceso por lesiones dolosas calificadas\u00a0<\/strong>"},"content":{"rendered":"\n<p class=\"wp-block-paragraph\">Huatusco, Ver.- La Fiscal\u00eda Regional C\u00f3rdoba obtuvo vinculaci\u00f3n a proceso en contra de Jorge Gustavo \u201cN\u201d como presunto responsable del delito de lesiones dolosas calificadas cometido en agravio de la v\u00edctima R.V.T.<\/p>\n\n\n\n<p class=\"wp-block-paragraph\">Hechos ocurridos el 28 de marzo del 2021 en la localidad de Xocotla, Coscomatepec en donde presuntamente el ahora vinculado golpe\u00f3 con una llave de cruz a la v\u00edctima, teniendo como consecuencia dejarle una cicatriz en la cara.<\/p>\n\n\n\n<p class=\"wp-block-paragraph\">El Juez dict\u00f3 como medida cautelar firma peri\u00f3dica quincenal y la prohibici\u00f3n de acercarse a la v\u00edctima por la temporalidad de un a\u00f1o y estableci\u00f3 3 meses para la investigaci\u00f3n complementaria, dentro del proceso penal 262\/2022.&nbsp;<\/p>\n","protected":false},"excerpt":{"rendered":"<p>Huatusco, Ver.- La Fiscal\u00eda Regional C\u00f3rdoba obtuvo vinculaci\u00f3n a proceso en contra de Jorge Gustavo \u201cN\u201d como presunto responsable del delito de lesiones dolosas calificadas cometido en agravio de la v\u00edctima R.V.T. Hechos ocurridos el 28 de marzo del 2021 en la localidad de Xocotla, Coscomatepec en donde presuntamente el ahora vinculado golpe\u00f3 con una [&hellip;]<\/p>\n","protected":false},"author":1,"featured_media":9460,"comment_status":"open","ping_status":"open","sticky":false,"template":"","format":"standard","meta":{"tdm_status":"","tdm_grid_status":"","footnotes":""},"categories":[7],"tags":[],"class_list":["post-9498","post","type-post","status-publish","format-standard","has-post-thumbnail","category-policiaca"],"_links":{"self":[{"href":"https:\/\/elrotativo.com.mx\/portal\/wp-json\/wp\/v2\/posts\/9498","targetHints":{"allow":["GET"]}}],"collection":[{"href":"https:\/\/elrotativo.com.mx\/portal\/wp-json\/wp\/v2\/posts"}],"about":[{"href":"https:\/\/elrotativo.com.mx\/portal\/wp-json\/wp\/v2\/types\/post"}],"author":[{"embeddable":true,"href":"https:\/\/elrotativo.com.mx\/portal\/wp-json\/wp\/v2\/users\/1"}],"replies":[{"embeddable":true,"href":"https:\/\/elrotativo.com.mx\/portal\/wp-json\/wp\/v2\/comments?post=9498"}],"version-history":[{"count":1,"href":"https:\/\/elrotativo.com.mx\/portal\/wp-json\/wp\/v2\/posts\/9498\/revisions"}],"predecessor-version":[{"id":9499,"href":"https:\/\/elrotativo.com.mx\/portal\/wp-json\/wp\/v2\/posts\/9498\/revisions\/9499"}],"wp:featuredmedia":[{"embeddable":true,"href":"https:\/\/elrotativo.com.mx\/portal\/wp-json\/wp\/v2\/media\/9460"}],"wp:attachment":[{"href":"https:\/\/elrotativo.com.mx\/portal\/wp-json\/wp\/v2\/media?parent=9498"}],"wp:term":[{"taxonomy":"category","embeddable":true,"href":"https:\/\/elrotativo.com.mx\/portal\/wp-json\/wp\/v2\/categories?post=9498"},{"taxonomy":"post_tag","embeddable":true,"href":"https:\/\/elrotativo.com.mx\/portal\/wp-json\/wp\/v2\/tags?post=9498"}],"curies":[{"name":"wp","href":"https:\/\/api.w.org\/{rel}","templated":true}]}}