{"id":9355,"date":"2022-11-27T23:50:27","date_gmt":"2022-11-28T05:50:27","guid":{"rendered":"https:\/\/elrotativo.mx\/portal\/?p=9355"},"modified":"2022-11-27T23:50:29","modified_gmt":"2022-11-28T05:50:29","slug":"inicia-el-adviento-y-exhortan-a-no-opacar-la-alegria-de-vivir","status":"publish","type":"post","link":"https:\/\/elrotativo.com.mx\/portal\/inicia-el-adviento-y-exhortan-a-no-opacar-la-alegria-de-vivir\/","title":{"rendered":"<strong>Inicia el Adviento y exhortan a no opacar la alegr\u00eda de vivir<\/strong>"},"content":{"rendered":"\n<p>Orizaba, Ver.- Este domingo 27 de noviembre inici\u00f3 el Adviento y con ello se abre la esperanza a la alegr\u00eda, la cual se opaca por situaciones complicadas que pasan en la vida, a nivel personal, social y en la comunidad, expuso el obispo de la Di\u00f3cesis de Orizaba, Eduardo Cervantes Merino.<\/p>\n\n\n\n<p>El prelado encabez\u00f3 el inicio del primer domingo de Adviento, y con el qu\u00e9 se da inicio al Nuevo A\u00f1o Lit\u00fargico 2022-2023.<\/p>\n\n\n\n<p>En la iglesia madre de la Di\u00f3cesis, el Obispo dijo que al iniciar un ciclo nuevo en la liturgia cat\u00f3lica, que sucede cada a\u00f1o es como se inaugura uno nuevo, marcado por la preparaci\u00f3n de la celebraci\u00f3n del nacimiento de Jesucristo, que es el tiempo de Navidad.<\/p>\n\n\n\n<p>Asimismo, el jerarca cat\u00f3lico pidi\u00f3 a lo files a no perderse en este tiempo, a no perder el horizonte o ser indiferente, pero adem\u00e1s, los exhort\u00f3 a no opacar la alegr\u00eda de vivir o de esperar, pues por las situaciones que se viven se podr\u00eda olvidar de cosas positivas.<\/p>\n\n\n\n<p>De la misma manera, llam\u00f3 a los fieles a no pensar s\u00f3lo en uno mismo y en lo que conviene, pues el adviento anima a estar atentos y evitar las situaciones que no permiten vivir la vida cristiana.<\/p>\n\n\n\n<p>\u201cNosotros no podemos sencillamente celebrarlo as\u00ed, sino que le ponemos el entusiasmo de preparar el coraz\u00f3n, de preparar la mente, de preparar el \u00e1nimo y con esta preparaci\u00f3n es que iniciamos un nuevo ciclo lit\u00fargico, la corona de adviento ya nos habla por s\u00ed misma y la luz, le pedimos al Se\u00f1or que crezca en nosotros conforme se acerca la fiesta del nacimiento del Se\u00f1or\u201d.<\/p>\n","protected":false},"excerpt":{"rendered":"<p>Orizaba, Ver.- Este domingo 27 de noviembre inici\u00f3 el Adviento y con ello se abre la esperanza a la alegr\u00eda, la cual se opaca por situaciones complicadas que pasan en la vida, a nivel personal, social y en la comunidad, expuso el obispo de la Di\u00f3cesis de Orizaba, Eduardo Cervantes Merino. El prelado encabez\u00f3 el [&hellip;]<\/p>\n","protected":false},"author":1,"featured_media":9356,"comment_status":"open","ping_status":"open","sticky":false,"template":"","format":"standard","meta":{"rop_custom_images_group":[],"rop_custom_messages_group":[],"rop_publish_now":"initial","rop_publish_now_accounts":{"facebook_2001103103558832_1797403930571497":""},"rop_publish_now_history":[],"rop_publish_now_status":"pending","tdm_status":"","tdm_grid_status":"","footnotes":""},"categories":[10],"tags":[],"class_list":{"0":"post-9355","1":"post","2":"type-post","3":"status-publish","4":"format-standard","5":"has-post-thumbnail","7":"category-local-regional"},"_links":{"self":[{"href":"https:\/\/elrotativo.com.mx\/portal\/wp-json\/wp\/v2\/posts\/9355","targetHints":{"allow":["GET"]}}],"collection":[{"href":"https:\/\/elrotativo.com.mx\/portal\/wp-json\/wp\/v2\/posts"}],"about":[{"href":"https:\/\/elrotativo.com.mx\/portal\/wp-json\/wp\/v2\/types\/post"}],"author":[{"embeddable":true,"href":"https:\/\/elrotativo.com.mx\/portal\/wp-json\/wp\/v2\/users\/1"}],"replies":[{"embeddable":true,"href":"https:\/\/elrotativo.com.mx\/portal\/wp-json\/wp\/v2\/comments?post=9355"}],"version-history":[{"count":1,"href":"https:\/\/elrotativo.com.mx\/portal\/wp-json\/wp\/v2\/posts\/9355\/revisions"}],"predecessor-version":[{"id":9357,"href":"https:\/\/elrotativo.com.mx\/portal\/wp-json\/wp\/v2\/posts\/9355\/revisions\/9357"}],"wp:featuredmedia":[{"embeddable":true,"href":"https:\/\/elrotativo.com.mx\/portal\/wp-json\/wp\/v2\/media\/9356"}],"wp:attachment":[{"href":"https:\/\/elrotativo.com.mx\/portal\/wp-json\/wp\/v2\/media?parent=9355"}],"wp:term":[{"taxonomy":"category","embeddable":true,"href":"https:\/\/elrotativo.com.mx\/portal\/wp-json\/wp\/v2\/categories?post=9355"},{"taxonomy":"post_tag","embeddable":true,"href":"https:\/\/elrotativo.com.mx\/portal\/wp-json\/wp\/v2\/tags?post=9355"}],"curies":[{"name":"wp","href":"https:\/\/api.w.org\/{rel}","templated":true}]}}