{"id":9321,"date":"2022-11-27T23:09:17","date_gmt":"2022-11-28T05:09:17","guid":{"rendered":"https:\/\/elrotativo.mx\/portal\/?p=9321"},"modified":"2022-11-27T23:09:18","modified_gmt":"2022-11-28T05:09:18","slug":"nueva-plaga-de-barrenador-afecta-cafetos-robustos","status":"publish","type":"post","link":"https:\/\/elrotativo.com.mx\/portal\/nueva-plaga-de-barrenador-afecta-cafetos-robustos\/","title":{"rendered":"<strong>Nueva plaga de barrenador afecta cafetos robustos<\/strong>"},"content":{"rendered":"\n<p>Orizaba, Ver.- Extensionistas de la Secretar\u00eda de Desarrollo Agropecuario, reportaron que en los plant\u00edos de caf\u00e9 de Tezonapa y Tlapacoyan se ha detectado la presencia de una nueva plaga de gusano barrenador que afecta los cafetos dela especie robusta.<\/p>\n\n\n\n<p>Y es que se\u00f1alaron que esta plaga se sabe provino del estado de Puebla en la Sierra Negra, llegando a la zona lim\u00edtrofe de Veracruz, en donde se ha extendido y ha empezado a invadir las fincas cafetaleras.<\/p>\n\n\n\n<p>Ante esta situaci\u00f3n, dijeron se est\u00e1n revisando las fincas para detectar este insecto y analizarlo, pues no se ten\u00eda conocimiento de su existencia, debido a que esta plaga es de otra especie y ahora se ha anidado en los cafetos.<\/p>\n\n\n\n<p>\u201cEst\u00e1 afectando a los plant\u00edos de robusta no para los caf\u00e9s de gran calidad, es decir que afecta a las plantas que no est\u00e1n bajo sombra\u201d.<\/p>\n\n\n\n<p>Detallaron que por esta situaci\u00f3n en la zona que se ha hecho un diagn\u00f3stico del barrenador para saber qu\u00e9 medidas preventivas de manejo se deben de aplicar, debido a que es una plaga nueva que no se hab\u00eda difundido, porque da\u00f1a al caf\u00e9 que no tienen sombra.<\/p>\n\n\n\n<p>\u201cYa nos est\u00e1 pegando en Tezonapa y toda la Sierra Negra de Puebla donde tambi\u00e9n metieron robustas, esto es una cosa que se acaba de detectar. Hemos tenido reuniones con la gente de la Universidad de Chapingo y del Comit\u00e9 de Zoosanidad Vegetal para identificar la plaga y que expongan qu\u00e9 medidas preventivas se van a tomar.<\/p>\n\n\n\n<p>Finalmente explicaron que esta es una plaga diferente a la que se ha detectado en la regi\u00f3n de Coatepec, pues este barrenador come la corteza y se teme que avance en la zona donde existen plant\u00edos de caf\u00e9.<\/p>\n","protected":false},"excerpt":{"rendered":"<p>Orizaba, Ver.- Extensionistas de la Secretar\u00eda de Desarrollo Agropecuario, reportaron que en los plant\u00edos de caf\u00e9 de Tezonapa y Tlapacoyan se ha detectado la presencia de una nueva plaga de gusano barrenador que afecta los cafetos dela especie robusta. Y es que se\u00f1alaron que esta plaga se sabe provino del estado de Puebla en la [&hellip;]<\/p>\n","protected":false},"author":1,"featured_media":9285,"comment_status":"open","ping_status":"open","sticky":false,"template":"","format":"standard","meta":{"rop_custom_images_group":[],"rop_custom_messages_group":[],"rop_publish_now":"initial","rop_publish_now_accounts":{"facebook_2001103103558832_1797403930571497":""},"rop_publish_now_history":[],"rop_publish_now_status":"pending","tdm_status":"","tdm_grid_status":"","footnotes":""},"categories":[10],"tags":[],"class_list":{"0":"post-9321","1":"post","2":"type-post","3":"status-publish","4":"format-standard","5":"has-post-thumbnail","7":"category-local-regional"},"_links":{"self":[{"href":"https:\/\/elrotativo.com.mx\/portal\/wp-json\/wp\/v2\/posts\/9321","targetHints":{"allow":["GET"]}}],"collection":[{"href":"https:\/\/elrotativo.com.mx\/portal\/wp-json\/wp\/v2\/posts"}],"about":[{"href":"https:\/\/elrotativo.com.mx\/portal\/wp-json\/wp\/v2\/types\/post"}],"author":[{"embeddable":true,"href":"https:\/\/elrotativo.com.mx\/portal\/wp-json\/wp\/v2\/users\/1"}],"replies":[{"embeddable":true,"href":"https:\/\/elrotativo.com.mx\/portal\/wp-json\/wp\/v2\/comments?post=9321"}],"version-history":[{"count":1,"href":"https:\/\/elrotativo.com.mx\/portal\/wp-json\/wp\/v2\/posts\/9321\/revisions"}],"predecessor-version":[{"id":9322,"href":"https:\/\/elrotativo.com.mx\/portal\/wp-json\/wp\/v2\/posts\/9321\/revisions\/9322"}],"wp:featuredmedia":[{"embeddable":true,"href":"https:\/\/elrotativo.com.mx\/portal\/wp-json\/wp\/v2\/media\/9285"}],"wp:attachment":[{"href":"https:\/\/elrotativo.com.mx\/portal\/wp-json\/wp\/v2\/media?parent=9321"}],"wp:term":[{"taxonomy":"category","embeddable":true,"href":"https:\/\/elrotativo.com.mx\/portal\/wp-json\/wp\/v2\/categories?post=9321"},{"taxonomy":"post_tag","embeddable":true,"href":"https:\/\/elrotativo.com.mx\/portal\/wp-json\/wp\/v2\/tags?post=9321"}],"curies":[{"name":"wp","href":"https:\/\/api.w.org\/{rel}","templated":true}]}}