{"id":9264,"date":"2022-11-25T01:02:40","date_gmt":"2022-11-25T07:02:40","guid":{"rendered":"https:\/\/elrotativo.mx\/portal\/?p=9264"},"modified":"2022-11-25T01:02:41","modified_gmt":"2022-11-25T07:02:41","slug":"benefician-a-28-familias-con-escrituras-en-atzacan","status":"publish","type":"post","link":"https:\/\/elrotativo.com.mx\/portal\/benefician-a-28-familias-con-escrituras-en-atzacan\/","title":{"rendered":"<strong>Benefician a 28 familias con escrituras en Atzacan<\/strong>"},"content":{"rendered":"\n<p>Atzacan, Ver.- Gracias al seguimiento de la tramitaci\u00f3n por parte del alcalde Mario Alberto Vargas Amador, un total de 28 familias de la cabecera municipal recibieron sus documentos del Programa de Escrituraci\u00f3n de Viviendas.&nbsp;<\/p>\n\n\n\n<p>Dicho beneficio se gestion\u00f3 ante el Congreso del Estado.&nbsp;<\/p>\n\n\n\n<p>El presidente municipal reconoci\u00f3 el esfuerzo de las familias para formalizar la legalidad de sus predios.<\/p>\n\n\n\n<p>Entre los beneficiarios estuvo el se\u00f1or Juan Celso Amayo Vallejo, quien recibi\u00f3 su escritura, luego de 30 a\u00f1os de poseer su terreno.<\/p>\n\n\n\n<p>Durante la entrega de escrituras se cont\u00f3 con la presencia del Delegado Regional de Catastro, Javier Moreno Huerta.<\/p>\n\n\n\n<p>Tambi\u00e9n estuvieron presentes la regidora Erika Marcelino Hernandez, el Secretario del Ayuntamiento, Vicente Abad Corona, el director de la Oficina Legal; Daniel Corona Solano, el director de Gobernaci\u00f3n, Gabriel Molina Anica y el abogado inmobiliario Jos\u00e9 Hiram Jim\u00e9nez.&nbsp;<\/p>\n\n\n\n<p>Trabajamos por el bienestar y certeza jur\u00eddica de las familias porque Somos Un Gobierno Para Todos.<\/p>\n","protected":false},"excerpt":{"rendered":"<p>Atzacan, Ver.- Gracias al seguimiento de la tramitaci\u00f3n por parte del alcalde Mario Alberto Vargas Amador, un total de 28 familias de la cabecera municipal recibieron sus documentos del Programa de Escrituraci\u00f3n de Viviendas.&nbsp; Dicho beneficio se gestion\u00f3 ante el Congreso del Estado.&nbsp; El presidente municipal reconoci\u00f3 el esfuerzo de las familias para formalizar la [&hellip;]<\/p>\n","protected":false},"author":1,"featured_media":9265,"comment_status":"open","ping_status":"open","sticky":false,"template":"","format":"standard","meta":{"rop_custom_images_group":[],"rop_custom_messages_group":[],"rop_publish_now":"initial","rop_publish_now_accounts":{"facebook_2001103103558832_1797403930571497":""},"rop_publish_now_history":[],"rop_publish_now_status":"pending","tdm_status":"","tdm_grid_status":"","footnotes":""},"categories":[10],"tags":[],"class_list":{"0":"post-9264","1":"post","2":"type-post","3":"status-publish","4":"format-standard","5":"has-post-thumbnail","7":"category-local-regional"},"_links":{"self":[{"href":"https:\/\/elrotativo.com.mx\/portal\/wp-json\/wp\/v2\/posts\/9264","targetHints":{"allow":["GET"]}}],"collection":[{"href":"https:\/\/elrotativo.com.mx\/portal\/wp-json\/wp\/v2\/posts"}],"about":[{"href":"https:\/\/elrotativo.com.mx\/portal\/wp-json\/wp\/v2\/types\/post"}],"author":[{"embeddable":true,"href":"https:\/\/elrotativo.com.mx\/portal\/wp-json\/wp\/v2\/users\/1"}],"replies":[{"embeddable":true,"href":"https:\/\/elrotativo.com.mx\/portal\/wp-json\/wp\/v2\/comments?post=9264"}],"version-history":[{"count":1,"href":"https:\/\/elrotativo.com.mx\/portal\/wp-json\/wp\/v2\/posts\/9264\/revisions"}],"predecessor-version":[{"id":9266,"href":"https:\/\/elrotativo.com.mx\/portal\/wp-json\/wp\/v2\/posts\/9264\/revisions\/9266"}],"wp:featuredmedia":[{"embeddable":true,"href":"https:\/\/elrotativo.com.mx\/portal\/wp-json\/wp\/v2\/media\/9265"}],"wp:attachment":[{"href":"https:\/\/elrotativo.com.mx\/portal\/wp-json\/wp\/v2\/media?parent=9264"}],"wp:term":[{"taxonomy":"category","embeddable":true,"href":"https:\/\/elrotativo.com.mx\/portal\/wp-json\/wp\/v2\/categories?post=9264"},{"taxonomy":"post_tag","embeddable":true,"href":"https:\/\/elrotativo.com.mx\/portal\/wp-json\/wp\/v2\/tags?post=9264"}],"curies":[{"name":"wp","href":"https:\/\/api.w.org\/{rel}","templated":true}]}}