{"id":9262,"date":"2022-11-25T00:57:26","date_gmt":"2022-11-25T06:57:26","guid":{"rendered":"https:\/\/elrotativo.mx\/portal\/?p=9262"},"modified":"2022-11-25T00:57:28","modified_gmt":"2022-11-25T06:57:28","slug":"invita-imss-veracruz-sur-a-18-jornada-nacional-de-continuidad-de-servicios-medicos","status":"publish","type":"post","link":"https:\/\/elrotativo.com.mx\/portal\/invita-imss-veracruz-sur-a-18-jornada-nacional-de-continuidad-de-servicios-medicos\/","title":{"rendered":"<strong>Invita IMSS Veracruz Sur a 18 Jornada Nacional de Continuidad de Servicios M\u00e9dicos<\/strong>"},"content":{"rendered":"\n<p><strong>*Se realizar\u00e1 del 25 al 27 de noviembre con la finalidad de abatir el rezago generado por la pandemia por COVID-19<\/strong><\/p>\n\n\n\n<p>Orizaba, Ver.- El Instituto Mexicano del Seguro Social (IMSS) en Veracruz Sur invita a la poblaci\u00f3n derechohabiente a participar en la 18\u00aa Jornada Nacional de Continuidad de Servicios M\u00e9dicos, que se vienen realizando de manera peri\u00f3dica con el objetivo de fortalecer las atenciones m\u00e9dicas que disminuyeron debido a la pandemia por COVID-19.<\/p>\n\n\n\n<p>El jefe del departamento Cl\u00ednico de la Unidad de Medicina Familiar (UMF) No. 7 de Orizaba, doctor Christian Esli Salas Pulido, inform\u00f3 que dicha jornada se realizar\u00e1 de manera simult\u00e1nea en todo el pa\u00eds del viernes 25 al domingo 27 de noviembre, bajo la estrategia \u201cCon el \u00c1guila Bien Puesta\u201d.<\/p>\n\n\n\n<p>El m\u00e9dico resalt\u00f3 que esta estrategia prioriza las consultas para detecci\u00f3n y seguimiento de enfermedades cr\u00f3nicas como diabetes, hipertensi\u00f3n y c\u00e1ncer, a trav\u00e9s de acciones preventivas como: toma de presi\u00f3n, glucosa, peso y talla, asesor\u00eda nutricional, mastograf\u00edas y vacunaci\u00f3n, entre otros.<\/p>\n\n\n\n<p>Asimismo, en los hospitales se estar\u00e1n atendiendo a pacientes en las especialidades de Medicina Interna, Traumatolog\u00eda y Ortopedia, Oftalmolog\u00eda, Cardiolog\u00eda, Neurolog\u00eda y Cirug\u00eda General.<\/p>\n\n\n\n<p>Salas Pulido dio a conocer que durante esta jornada participar\u00e1 el Hospital General Regional (HGR) No. 1 de Orizaba, cuatro Hospital Generales de Zona (HGZ) y cuatro de Hospitales Generales de Subzona (HGSZ), as\u00ed como 15 Unidades M\u00e9dico Familiares (UMF).<\/p>\n\n\n\n<p>Por \u00faltimo, el m\u00e9dico del IMSS invit\u00f3 a la poblaci\u00f3n derechohabiente a acudir a sus UMF y beneficiarse con estos servicios.<\/p>\n\n\n\n<p>Se hace la invitaci\u00f3n a los derechohabientes a que se acerquen con nosotros y soliciten sus consultas. Sabemos que por la pandemia muchas personas dejaron de venir a sus chequeos y a sus consultas, pero es importante que retomen sus seguimientos y atiendan su salud.&nbsp;<\/p>\n\n\n\n<p>El IMSS hace un recordatorio para no bajar la guardia y continuar y respetar las medidas sanitarias, como son: el uso correcto de cubrebocas, lavado de manos con agua y jab\u00f3n o sanitizaci\u00f3n con algol gel al 70% y respetar la distancia de entre personas de al menos 1.5 metros.<\/p>\n","protected":false},"excerpt":{"rendered":"<p>*Se realizar\u00e1 del 25 al 27 de noviembre con la finalidad de abatir el rezago generado por la pandemia por COVID-19 Orizaba, Ver.- El Instituto Mexicano del Seguro Social (IMSS) en Veracruz Sur invita a la poblaci\u00f3n derechohabiente a participar en la 18\u00aa Jornada Nacional de Continuidad de Servicios M\u00e9dicos, que se vienen realizando de [&hellip;]<\/p>\n","protected":false},"author":1,"featured_media":9203,"comment_status":"open","ping_status":"open","sticky":false,"template":"","format":"standard","meta":{"rop_custom_images_group":[],"rop_custom_messages_group":[],"rop_publish_now":"initial","rop_publish_now_accounts":{"facebook_2001103103558832_1797403930571497":""},"rop_publish_now_history":[],"rop_publish_now_status":"pending","tdm_status":"","tdm_grid_status":"","footnotes":""},"categories":[10],"tags":[],"class_list":{"0":"post-9262","1":"post","2":"type-post","3":"status-publish","4":"format-standard","5":"has-post-thumbnail","7":"category-local-regional"},"_links":{"self":[{"href":"https:\/\/elrotativo.com.mx\/portal\/wp-json\/wp\/v2\/posts\/9262","targetHints":{"allow":["GET"]}}],"collection":[{"href":"https:\/\/elrotativo.com.mx\/portal\/wp-json\/wp\/v2\/posts"}],"about":[{"href":"https:\/\/elrotativo.com.mx\/portal\/wp-json\/wp\/v2\/types\/post"}],"author":[{"embeddable":true,"href":"https:\/\/elrotativo.com.mx\/portal\/wp-json\/wp\/v2\/users\/1"}],"replies":[{"embeddable":true,"href":"https:\/\/elrotativo.com.mx\/portal\/wp-json\/wp\/v2\/comments?post=9262"}],"version-history":[{"count":1,"href":"https:\/\/elrotativo.com.mx\/portal\/wp-json\/wp\/v2\/posts\/9262\/revisions"}],"predecessor-version":[{"id":9263,"href":"https:\/\/elrotativo.com.mx\/portal\/wp-json\/wp\/v2\/posts\/9262\/revisions\/9263"}],"wp:featuredmedia":[{"embeddable":true,"href":"https:\/\/elrotativo.com.mx\/portal\/wp-json\/wp\/v2\/media\/9203"}],"wp:attachment":[{"href":"https:\/\/elrotativo.com.mx\/portal\/wp-json\/wp\/v2\/media?parent=9262"}],"wp:term":[{"taxonomy":"category","embeddable":true,"href":"https:\/\/elrotativo.com.mx\/portal\/wp-json\/wp\/v2\/categories?post=9262"},{"taxonomy":"post_tag","embeddable":true,"href":"https:\/\/elrotativo.com.mx\/portal\/wp-json\/wp\/v2\/tags?post=9262"}],"curies":[{"name":"wp","href":"https:\/\/api.w.org\/{rel}","templated":true}]}}