{"id":909,"date":"2022-05-15T21:53:47","date_gmt":"2022-05-15T21:53:47","guid":{"rendered":"https:\/\/elrotativo.mx\/portal\/?p=909"},"modified":"2022-05-15T21:53:50","modified_gmt":"2022-05-15T21:53:50","slug":"incendio-del-pico-de-orizaba-dejo-mas-70-hectareas-de-bosque-quemadas","status":"publish","type":"post","link":"https:\/\/elrotativo.com.mx\/portal\/incendio-del-pico-de-orizaba-dejo-mas-70-hectareas-de-bosque-quemadas\/","title":{"rendered":"Incendio del Pico de Orizaba dej\u00f3 m\u00e1s 70 hect\u00e1reas de bosque quemadas"},"content":{"rendered":"\n<p class=\"wp-block-paragraph\">La Perla, Ver.- Con una afectaci\u00f3n de m\u00e1s de 70 hect\u00e1reas, la noche del s\u00e1bado fue reportado como controlado el incendio forestal que se registr\u00f3 en la zona de Paso Le\u00f3n de la comunidad de San Miguel Chinela, municipio de La Perla, inform\u00f3 el director de Protecci\u00f3n Civil Municipal, Jorge Mart\u00ednez Garc\u00eda.<\/p>\n\n\n\n<p class=\"wp-block-paragraph\">En entrevista, expuso que se especula que el fuego fue provocado por una quema de pastos, pues de esta forma quienes tienen ganado lo pueden alimentar con el pelillo de renuevo, lo que calific\u00f3 como falta de escr\u00fapulos de quienes lo hacen, pues el da\u00f1o al bosque es incuantificable, por lo que hizo un llamado a crear conciencia en el tema, sobre todo en esta temporada en la que la falta de humedad aviva el fuego.<\/p>\n\n\n\n<p class=\"wp-block-paragraph\">Detall\u00f3 que aunque en este 2022 se han tenido menos incendios que en el mismo periodo del 2021, la afectaci\u00f3n causada al bosque es por mucho mayor, a pocos meses de iniciado el a\u00f1o.<\/p>\n\n\n\n<p class=\"wp-block-paragraph\">Detall\u00f3 que tras realizar un vuelo de reconocimiento, brigadistas y voluntarios retomaron el s\u00e1bado las labores de combate al fuego ingresando por la zona de Coscomatepec, ya que por La Perla es muy peligroso el terreno por las pendientes, pero adem\u00e1s tienen que caminar al menos dos horas para llegar al punto.<\/p>\n\n\n\n<p class=\"wp-block-paragraph\">&nbsp;Lament\u00f3 que a primera hora del s\u00e1bado la afectaci\u00f3n era ya de 70 hect\u00e1reas, pero gracias a la labor de la gente se pudo controlar. \u00abLo que las autoridades ten\u00edan planeado para hoy era aislarlo completamente y que por uni\u00f3n de pendientes no llegue a Potrero Nuevo y quede controlado en la zona\u00bb.<\/p>\n\n\n\n<p class=\"wp-block-paragraph\">Record\u00f3 que en esta temporada en los bosques no hay agua, pero adem\u00e1s se cree que el fuego fue provocado por una quema de pastos, sin embargo, gracias al trabajo de las brigadas de la Conanp, Sedema, Conafor y voluntarios se pudo controlar.<\/p>\n","protected":false},"excerpt":{"rendered":"<p>La Perla, Ver.- Con una afectaci\u00f3n de m\u00e1s de 70 hect\u00e1reas, la noche del s\u00e1bado fue reportado como controlado el incendio forestal que se registr\u00f3 en la zona de Paso Le\u00f3n de la comunidad de San Miguel Chinela, municipio de La Perla, inform\u00f3 el director de Protecci\u00f3n Civil Municipal, Jorge Mart\u00ednez Garc\u00eda. En entrevista, expuso [&hellip;]<\/p>\n","protected":false},"author":4,"featured_media":910,"comment_status":"open","ping_status":"open","sticky":false,"template":"","format":"standard","meta":{"tdm_status":"","tdm_grid_status":"","footnotes":""},"categories":[25,10],"tags":[],"class_list":["post-909","post","type-post","status-publish","format-standard","has-post-thumbnail","category-destacada-1","category-local-regional"],"_links":{"self":[{"href":"https:\/\/elrotativo.com.mx\/portal\/wp-json\/wp\/v2\/posts\/909","targetHints":{"allow":["GET"]}}],"collection":[{"href":"https:\/\/elrotativo.com.mx\/portal\/wp-json\/wp\/v2\/posts"}],"about":[{"href":"https:\/\/elrotativo.com.mx\/portal\/wp-json\/wp\/v2\/types\/post"}],"author":[{"embeddable":true,"href":"https:\/\/elrotativo.com.mx\/portal\/wp-json\/wp\/v2\/users\/4"}],"replies":[{"embeddable":true,"href":"https:\/\/elrotativo.com.mx\/portal\/wp-json\/wp\/v2\/comments?post=909"}],"version-history":[{"count":1,"href":"https:\/\/elrotativo.com.mx\/portal\/wp-json\/wp\/v2\/posts\/909\/revisions"}],"predecessor-version":[{"id":911,"href":"https:\/\/elrotativo.com.mx\/portal\/wp-json\/wp\/v2\/posts\/909\/revisions\/911"}],"wp:featuredmedia":[{"embeddable":true,"href":"https:\/\/elrotativo.com.mx\/portal\/wp-json\/wp\/v2\/media\/910"}],"wp:attachment":[{"href":"https:\/\/elrotativo.com.mx\/portal\/wp-json\/wp\/v2\/media?parent=909"}],"wp:term":[{"taxonomy":"category","embeddable":true,"href":"https:\/\/elrotativo.com.mx\/portal\/wp-json\/wp\/v2\/categories?post=909"},{"taxonomy":"post_tag","embeddable":true,"href":"https:\/\/elrotativo.com.mx\/portal\/wp-json\/wp\/v2\/tags?post=909"}],"curies":[{"name":"wp","href":"https:\/\/api.w.org\/{rel}","templated":true}]}}