{"id":906,"date":"2022-05-15T21:51:45","date_gmt":"2022-05-15T21:51:45","guid":{"rendered":"https:\/\/elrotativo.mx\/portal\/?p=906"},"modified":"2022-05-15T21:51:48","modified_gmt":"2022-05-15T21:51:48","slug":"preocupa-a-iglesia-el-asesinato-de-mujeres-periodistas","status":"publish","type":"post","link":"https:\/\/elrotativo.com.mx\/portal\/preocupa-a-iglesia-el-asesinato-de-mujeres-periodistas\/","title":{"rendered":"Preocupa a Iglesia, el asesinato de mujeres periodistas"},"content":{"rendered":"\n<p class=\"wp-block-paragraph\">Orizaba, Ver.- El crimen de dos periodistas al sur del estado, es algo que preocupa y lamenta por el hecho de ser mujeres, ser periodistas que investigan pero que las asesinan por decir la verdad, se\u00f1al\u00f3 el vocero de la Di\u00f3cesis de Orizaba, Helkyn Enr\u00edquez B\u00e1ez.<\/p>\n\n\n\n<p class=\"wp-block-paragraph\">Por ello se\u00f1al\u00f3 que se deben ejercer las acciones necesarias para la protecci\u00f3n de la integridad de las comunidades, las cuales contin\u00faan sufriendo violencia y careciendo de paz, pues se siguen cometiendo homicidios de personas de los diversos sectores de la sociedad.<\/p>\n\n\n\n<p class=\"wp-block-paragraph\">\u201cDeber\u00eda de ser un gremio que se proteja, pues con este lamentable acontecimiento, nuestro Estado se posiciona tristemente en el primer lugar en este tipo de sucesos y esto nos lleva nuevamente a reconocer que vivimos en un Estado violento, con crisis de seguridad que afecta a todos los ciudadanos, que preocupa las comunidades\u201d.<\/p>\n\n\n\n<p class=\"wp-block-paragraph\">Confi\u00f3 en que las autoridades competentes apliquen las acciones necesarias en la investigaci\u00f3n y para dar la respuesta a los ciudadanos y al gremio period\u00edstico.<\/p>\n\n\n\n<p class=\"wp-block-paragraph\">\u201cPor otro lado que se fortalezcan las acciones necesarias para pacificar nuestras comunidades, para proteger a todos los ciudadanos y para que as\u00ed tengamos un estado con dignidad, paz y tranquilidad\u201d.<\/p>\n","protected":false},"excerpt":{"rendered":"<p>Orizaba, Ver.- El crimen de dos periodistas al sur del estado, es algo que preocupa y lamenta por el hecho de ser mujeres, ser periodistas que investigan pero que las asesinan por decir la verdad, se\u00f1al\u00f3 el vocero de la Di\u00f3cesis de Orizaba, Helkyn Enr\u00edquez B\u00e1ez. Por ello se\u00f1al\u00f3 que se deben ejercer las acciones [&hellip;]<\/p>\n","protected":false},"author":4,"featured_media":907,"comment_status":"open","ping_status":"open","sticky":false,"template":"","format":"standard","meta":{"tdm_status":"","tdm_grid_status":"","footnotes":""},"categories":[25,10],"tags":[],"class_list":["post-906","post","type-post","status-publish","format-standard","has-post-thumbnail","category-destacada-1","category-local-regional"],"_links":{"self":[{"href":"https:\/\/elrotativo.com.mx\/portal\/wp-json\/wp\/v2\/posts\/906","targetHints":{"allow":["GET"]}}],"collection":[{"href":"https:\/\/elrotativo.com.mx\/portal\/wp-json\/wp\/v2\/posts"}],"about":[{"href":"https:\/\/elrotativo.com.mx\/portal\/wp-json\/wp\/v2\/types\/post"}],"author":[{"embeddable":true,"href":"https:\/\/elrotativo.com.mx\/portal\/wp-json\/wp\/v2\/users\/4"}],"replies":[{"embeddable":true,"href":"https:\/\/elrotativo.com.mx\/portal\/wp-json\/wp\/v2\/comments?post=906"}],"version-history":[{"count":1,"href":"https:\/\/elrotativo.com.mx\/portal\/wp-json\/wp\/v2\/posts\/906\/revisions"}],"predecessor-version":[{"id":908,"href":"https:\/\/elrotativo.com.mx\/portal\/wp-json\/wp\/v2\/posts\/906\/revisions\/908"}],"wp:featuredmedia":[{"embeddable":true,"href":"https:\/\/elrotativo.com.mx\/portal\/wp-json\/wp\/v2\/media\/907"}],"wp:attachment":[{"href":"https:\/\/elrotativo.com.mx\/portal\/wp-json\/wp\/v2\/media?parent=906"}],"wp:term":[{"taxonomy":"category","embeddable":true,"href":"https:\/\/elrotativo.com.mx\/portal\/wp-json\/wp\/v2\/categories?post=906"},{"taxonomy":"post_tag","embeddable":true,"href":"https:\/\/elrotativo.com.mx\/portal\/wp-json\/wp\/v2\/tags?post=906"}],"curies":[{"name":"wp","href":"https:\/\/api.w.org\/{rel}","templated":true}]}}