{"id":894,"date":"2022-05-15T20:28:56","date_gmt":"2022-05-15T20:28:56","guid":{"rendered":"https:\/\/elrotativo.mx\/portal\/?p=894"},"modified":"2022-05-15T20:28:59","modified_gmt":"2022-05-15T20:28:59","slug":"conmemora-maev-el-dia-internacional-de-los-museos-2022","status":"publish","type":"post","link":"https:\/\/elrotativo.com.mx\/portal\/conmemora-maev-el-dia-internacional-de-los-museos-2022\/","title":{"rendered":"Conmemora MAEV el D\u00eda Internacional de los Museos 2022\u00a0"},"content":{"rendered":"\n<p class=\"wp-block-paragraph\">Orizaba, Ver.- El Instituto Veracruzano de la Cultura invita a celebrar el D\u00eda Internacional de los Museos 2022 en el Museo de Arte del Estado de Veracruz, ubicado en Orizaba, con una charla y un taller en torno al tema \u201cEl poder de los museos\u201d. Las actividades se llevar\u00e1n a cabo los d\u00edas 18, 19, 20 y 21 de mayo.<\/p>\n\n\n\n<p class=\"wp-block-paragraph\">El mi\u00e9rcoles 18 de mayo a las 18:00 horas se realizar\u00e1 la charla <strong>El cubo que se desdobla<\/strong>, misma que abordar\u00e1 los distintos procesos de producci\u00f3n y vinculaci\u00f3n de las obras art\u00edsticas con los espacios muse\u00edsticos. Los d\u00edas 19, 20 y 21 de mayo, en horario de 10:30 a 13:30 horas, se llevar\u00e1 a cabo el taller <strong>El poder de la imaginaci\u00f3n de los museos<\/strong>, una propuesta dirigida al p\u00fablico en general que busca brindar a las y los participantes herramientas para desarrollar sus habilidades art\u00edsticas e interactuar con los espacios culturales; las personas interesadas en participar pueden inscribirse en el siguiente enlace: <a href=\"https:\/\/bit.ly\/ElPoderdelaImaginaci\">https:\/\/bit.ly\/ElPoderdelaImaginaci\u00f3ndelosMuseos<\/a>.<\/p>\n\n\n\n<p class=\"wp-block-paragraph\">Ambas actividades estar\u00e1n a cargo de <strong>Eder Castillo<\/strong>, artista visual y especialista en investigaci\u00f3n sociocultural y arte en el espacio p\u00fablico. Durante su trayectoria profesional se ha desarrollado como profesor y gestor cultural. Su obra ha sido expuesta en diversas exhibiciones en M\u00e9xico, y en el extranjero en pa\u00edses como Espa\u00f1a, Suiza, Suecia, Italia, Eslovenia, Polonia, Egipto y Costa Rica. Actualmente es miembro del Sistema Nacional de Creadores de Arte.<\/p>\n\n\n\n<p class=\"wp-block-paragraph\">El <strong>DIM<\/strong> -D\u00eda Internacional de los Museos- fue instituido por el Consejo Internacional de los Museos (ICOM) en 1977. Desde entonces, <strong>cada 18 de mayo<\/strong> la comunidad muse\u00edstica de todo el mundo suma esfuerzos orientados a sensibilizar al p\u00fablico acerca de la importancia de estos espacios para el intercambio cultural, la promoci\u00f3n y difusi\u00f3n de las distintas perspectivas sociales, la inclusi\u00f3n y desarrollo integral. Cada a\u00f1o el <strong>DIM<\/strong>promueve un tema; en 2022 el mensaje es \u201cEl poder de los museos\u201d, mismo que busca fomentar la sostenibilidad, la innovaci\u00f3n digital, la accesibilidad y la colaboraci\u00f3n comunitaria.<\/p>\n\n\n\n<p class=\"wp-block-paragraph\">El MAEV reitera la invitaci\u00f3n a estas actividades en conmemoraci\u00f3n del D\u00eda Internacional de los Museos los pr\u00f3ximos 18, 19, 20 y 21 de mayo. Para conocer la programaci\u00f3n completa del MAEV y solicitar m\u00e1s informaci\u00f3n visita la p\u00e1gina de Facebook&nbsp;<a href=\"https:\/\/www.facebook.com\/MAEVorizaba\">@MAEVorizaba<\/a> o comun\u00edcate al n\u00famero telef\u00f3nico (272) 724 3200. Consulta todas las actividades del Instituto en <a href=\"http:\/\/www.ivec.gob.mx\">www.ivec.gob.mx<\/a>.<\/p>\n","protected":false},"excerpt":{"rendered":"<p>Orizaba, Ver.- El Instituto Veracruzano de la Cultura invita a celebrar el D\u00eda Internacional de los Museos 2022 en el Museo de Arte del Estado de Veracruz, ubicado en Orizaba, con una charla y un taller en torno al tema \u201cEl poder de los museos\u201d. Las actividades se llevar\u00e1n a cabo los d\u00edas 18, 19, [&hellip;]<\/p>\n","protected":false},"author":4,"featured_media":895,"comment_status":"open","ping_status":"open","sticky":false,"template":"","format":"standard","meta":{"tdm_status":"","tdm_grid_status":"","footnotes":""},"categories":[10],"tags":[],"class_list":["post-894","post","type-post","status-publish","format-standard","has-post-thumbnail","category-local-regional"],"_links":{"self":[{"href":"https:\/\/elrotativo.com.mx\/portal\/wp-json\/wp\/v2\/posts\/894","targetHints":{"allow":["GET"]}}],"collection":[{"href":"https:\/\/elrotativo.com.mx\/portal\/wp-json\/wp\/v2\/posts"}],"about":[{"href":"https:\/\/elrotativo.com.mx\/portal\/wp-json\/wp\/v2\/types\/post"}],"author":[{"embeddable":true,"href":"https:\/\/elrotativo.com.mx\/portal\/wp-json\/wp\/v2\/users\/4"}],"replies":[{"embeddable":true,"href":"https:\/\/elrotativo.com.mx\/portal\/wp-json\/wp\/v2\/comments?post=894"}],"version-history":[{"count":1,"href":"https:\/\/elrotativo.com.mx\/portal\/wp-json\/wp\/v2\/posts\/894\/revisions"}],"predecessor-version":[{"id":896,"href":"https:\/\/elrotativo.com.mx\/portal\/wp-json\/wp\/v2\/posts\/894\/revisions\/896"}],"wp:featuredmedia":[{"embeddable":true,"href":"https:\/\/elrotativo.com.mx\/portal\/wp-json\/wp\/v2\/media\/895"}],"wp:attachment":[{"href":"https:\/\/elrotativo.com.mx\/portal\/wp-json\/wp\/v2\/media?parent=894"}],"wp:term":[{"taxonomy":"category","embeddable":true,"href":"https:\/\/elrotativo.com.mx\/portal\/wp-json\/wp\/v2\/categories?post=894"},{"taxonomy":"post_tag","embeddable":true,"href":"https:\/\/elrotativo.com.mx\/portal\/wp-json\/wp\/v2\/tags?post=894"}],"curies":[{"name":"wp","href":"https:\/\/api.w.org\/{rel}","templated":true}]}}