{"id":890,"date":"2022-05-15T19:29:27","date_gmt":"2022-05-15T19:29:27","guid":{"rendered":"https:\/\/elrotativo.mx\/portal\/?p=890"},"modified":"2022-05-15T19:29:28","modified_gmt":"2022-05-15T19:29:28","slug":"grave-policia-que-fue-baleado-en-omealca","status":"publish","type":"post","link":"https:\/\/elrotativo.com.mx\/portal\/grave-policia-que-fue-baleado-en-omealca\/","title":{"rendered":"Grave polic\u00eda que fue baleado en Omealca"},"content":{"rendered":"\n<p class=\"wp-block-paragraph\">C\u00f3rdoba, Ver.- Entre la vida y la muerte se debate un oficial de la Polic\u00eda luego del atentado que sufri\u00f3 junto con sus compa\u00f1eros en el municipio de Omealca, uno de ellos falleci\u00f3, otro fue dado de alta, autoridades ministeriales realizan las indagatorias correspondientes.<\/p>\n\n\n\n<p class=\"wp-block-paragraph\">Extra oficialmente se inform\u00f3 que Carlos Antonio \u00abN\u00bb de 26 a\u00f1os se encuentra en estado cr\u00edtico, luego de recibir al menos dos impactos de proyectil de arma de fuego en el abdomen, debido a su estado fue trasladado a un hospital particular para recibir las atenciones de un especialista.<\/p>\n\n\n\n<p class=\"wp-block-paragraph\">Mientras tanto personal de la Fiscal\u00eda Regional realiza las indagatorias para esclarecer el atentado ocurrido la tarde del viernes, donde falleci\u00f3 uno de los oficiales y est\u00e1n a la caza de los delincuentes.<\/p>\n","protected":false},"excerpt":{"rendered":"<p>C\u00f3rdoba, Ver.- Entre la vida y la muerte se debate un oficial de la Polic\u00eda luego del atentado que sufri\u00f3 junto con sus compa\u00f1eros en el municipio de Omealca, uno de ellos falleci\u00f3, otro fue dado de alta, autoridades ministeriales realizan las indagatorias correspondientes. Extra oficialmente se inform\u00f3 que Carlos Antonio \u00abN\u00bb de 26 a\u00f1os [&hellip;]<\/p>\n","protected":false},"author":4,"featured_media":891,"comment_status":"open","ping_status":"open","sticky":false,"template":"","format":"standard","meta":{"tdm_status":"","tdm_grid_status":"","footnotes":""},"categories":[26,7],"tags":[],"class_list":["post-890","post","type-post","status-publish","format-standard","has-post-thumbnail","category-destacada-4","category-policiaca"],"_links":{"self":[{"href":"https:\/\/elrotativo.com.mx\/portal\/wp-json\/wp\/v2\/posts\/890","targetHints":{"allow":["GET"]}}],"collection":[{"href":"https:\/\/elrotativo.com.mx\/portal\/wp-json\/wp\/v2\/posts"}],"about":[{"href":"https:\/\/elrotativo.com.mx\/portal\/wp-json\/wp\/v2\/types\/post"}],"author":[{"embeddable":true,"href":"https:\/\/elrotativo.com.mx\/portal\/wp-json\/wp\/v2\/users\/4"}],"replies":[{"embeddable":true,"href":"https:\/\/elrotativo.com.mx\/portal\/wp-json\/wp\/v2\/comments?post=890"}],"version-history":[{"count":1,"href":"https:\/\/elrotativo.com.mx\/portal\/wp-json\/wp\/v2\/posts\/890\/revisions"}],"predecessor-version":[{"id":892,"href":"https:\/\/elrotativo.com.mx\/portal\/wp-json\/wp\/v2\/posts\/890\/revisions\/892"}],"wp:featuredmedia":[{"embeddable":true,"href":"https:\/\/elrotativo.com.mx\/portal\/wp-json\/wp\/v2\/media\/891"}],"wp:attachment":[{"href":"https:\/\/elrotativo.com.mx\/portal\/wp-json\/wp\/v2\/media?parent=890"}],"wp:term":[{"taxonomy":"category","embeddable":true,"href":"https:\/\/elrotativo.com.mx\/portal\/wp-json\/wp\/v2\/categories?post=890"},{"taxonomy":"post_tag","embeddable":true,"href":"https:\/\/elrotativo.com.mx\/portal\/wp-json\/wp\/v2\/tags?post=890"}],"curies":[{"name":"wp","href":"https:\/\/api.w.org\/{rel}","templated":true}]}}