{"id":878,"date":"2022-05-15T19:19:44","date_gmt":"2022-05-15T19:19:44","guid":{"rendered":"https:\/\/elrotativo.mx\/portal\/?p=878"},"modified":"2022-05-15T19:19:45","modified_gmt":"2022-05-15T19:19:45","slug":"matan-a-policia-municipal-de-omealca-dos-heridos","status":"publish","type":"post","link":"https:\/\/elrotativo.com.mx\/portal\/matan-a-policia-municipal-de-omealca-dos-heridos\/","title":{"rendered":"Matan a Polic\u00eda Municipal de Omealca; dos heridos"},"content":{"rendered":"\n<p class=\"wp-block-paragraph\">Omealca, Ver.- Sujetos armados abrieron fuego contra elementos de la Polic\u00eda Municipal, en las calles de la cabecera municipal. El ataque armado dej\u00f3 un uniformado muerto y dos lesionados.<\/p>\n\n\n\n<p class=\"wp-block-paragraph\">Los hechos ocurrieron alrededor de las 19:40 horas, cuando los oficiales se encontraban en la calle 2, justo detr\u00e1s del Palacio Municipal.<\/p>\n\n\n\n<p class=\"wp-block-paragraph\">Seg\u00fan los testigos, varios sujetos con armas largas les dispararon, hiriendo a dos de ellos, mientras que a otros dos resultaron lesionados.<\/p>\n\n\n\n<p class=\"wp-block-paragraph\">Los agresores escaparon y al lugar acudieron compa\u00f1eros de los polic\u00edas, quienes resguardaron la zona y brindaron los primeros auxilios a los sobrevivientes.<\/p>\n\n\n\n<p class=\"wp-block-paragraph\">Empleados del departamento de Protecci\u00f3n Civil terminaron de brindar las atenciones a los heridos y los trasladaron al Hospital General de C\u00f3rdoba, d\u00f3nde su estado de salud fue reportado como delicado.<\/p>\n\n\n\n<p class=\"wp-block-paragraph\">Personal de la Fiscal\u00eda Regional, Detectives Investigadores y Peritos llevaron a cabo la recolecci\u00f3n de indicios, ordenaron trasladar el cuerpo al SEMEFO e iniciaron la carpeta de investigaci\u00f3n correspondiente.<\/p>\n","protected":false},"excerpt":{"rendered":"<p>Omealca, Ver.- Sujetos armados abrieron fuego contra elementos de la Polic\u00eda Municipal, en las calles de la cabecera municipal. El ataque armado dej\u00f3 un uniformado muerto y dos lesionados. Los hechos ocurrieron alrededor de las 19:40 horas, cuando los oficiales se encontraban en la calle 2, justo detr\u00e1s del Palacio Municipal. Seg\u00fan los testigos, varios [&hellip;]<\/p>\n","protected":false},"author":4,"featured_media":879,"comment_status":"open","ping_status":"open","sticky":false,"template":"","format":"standard","meta":{"tdm_status":"","tdm_grid_status":"","footnotes":""},"categories":[26,7],"tags":[],"class_list":["post-878","post","type-post","status-publish","format-standard","has-post-thumbnail","category-destacada-4","category-policiaca"],"_links":{"self":[{"href":"https:\/\/elrotativo.com.mx\/portal\/wp-json\/wp\/v2\/posts\/878","targetHints":{"allow":["GET"]}}],"collection":[{"href":"https:\/\/elrotativo.com.mx\/portal\/wp-json\/wp\/v2\/posts"}],"about":[{"href":"https:\/\/elrotativo.com.mx\/portal\/wp-json\/wp\/v2\/types\/post"}],"author":[{"embeddable":true,"href":"https:\/\/elrotativo.com.mx\/portal\/wp-json\/wp\/v2\/users\/4"}],"replies":[{"embeddable":true,"href":"https:\/\/elrotativo.com.mx\/portal\/wp-json\/wp\/v2\/comments?post=878"}],"version-history":[{"count":1,"href":"https:\/\/elrotativo.com.mx\/portal\/wp-json\/wp\/v2\/posts\/878\/revisions"}],"predecessor-version":[{"id":880,"href":"https:\/\/elrotativo.com.mx\/portal\/wp-json\/wp\/v2\/posts\/878\/revisions\/880"}],"wp:featuredmedia":[{"embeddable":true,"href":"https:\/\/elrotativo.com.mx\/portal\/wp-json\/wp\/v2\/media\/879"}],"wp:attachment":[{"href":"https:\/\/elrotativo.com.mx\/portal\/wp-json\/wp\/v2\/media?parent=878"}],"wp:term":[{"taxonomy":"category","embeddable":true,"href":"https:\/\/elrotativo.com.mx\/portal\/wp-json\/wp\/v2\/categories?post=878"},{"taxonomy":"post_tag","embeddable":true,"href":"https:\/\/elrotativo.com.mx\/portal\/wp-json\/wp\/v2\/tags?post=878"}],"curies":[{"name":"wp","href":"https:\/\/api.w.org\/{rel}","templated":true}]}}