{"id":8330,"date":"2022-11-10T00:06:57","date_gmt":"2022-11-10T06:06:57","guid":{"rendered":"https:\/\/elrotativo.mx\/portal\/?p=8330"},"modified":"2022-11-10T00:07:00","modified_gmt":"2022-11-10T06:07:00","slug":"es-sentenciado-a-47-anos-y-6-meses-de-prision-por-el-delito-de-feminicidio","status":"publish","type":"post","link":"https:\/\/elrotativo.com.mx\/portal\/es-sentenciado-a-47-anos-y-6-meses-de-prision-por-el-delito-de-feminicidio\/","title":{"rendered":"<strong>Es sentenciado a 47 a\u00f1os y 6 meses de prisi\u00f3n por el delito de feminicidio<\/strong>"},"content":{"rendered":"\n<p class=\"wp-block-paragraph\">Jalacingo, Ver.- La Fiscal\u00eda Especializada en Investigaci\u00f3n de Delitos de Violencia Contra la Familia Mujeres, Ni\u00f1as y Ni\u00f1os y Trata de Personas logr\u00f3 sentencia condenatoria de 47 a\u00f1os y seis meses de prisi\u00f3n en contra de Arturo \u201cN\u201d por el delito de feminicidio.<\/p>\n\n\n\n<p class=\"wp-block-paragraph\">Los sucesos tuvieron lugar en la localidad Los Molinos en el municipio de Perote el pasado7 de octubre del a\u00f1o 2021 cuando priv\u00f3 de la vida a una mujer de identidad reservada.<\/p>\n\n\n\n<p class=\"wp-block-paragraph\">El Juez adem\u00e1s de sentenciarlo, impuso el pago como reparaci\u00f3n del da\u00f1o, dentro del Juicio Oral 75\/2022.<\/p>\n","protected":false},"excerpt":{"rendered":"<p>Jalacingo, Ver.- La Fiscal\u00eda Especializada en Investigaci\u00f3n de Delitos de Violencia Contra la Familia Mujeres, Ni\u00f1as y Ni\u00f1os y Trata de Personas logr\u00f3 sentencia condenatoria de 47 a\u00f1os y seis meses de prisi\u00f3n en contra de Arturo \u201cN\u201d por el delito de feminicidio. Los sucesos tuvieron lugar en la localidad Los Molinos en el municipio [&hellip;]<\/p>\n","protected":false},"author":1,"featured_media":8281,"comment_status":"open","ping_status":"open","sticky":false,"template":"","format":"standard","meta":{"tdm_status":"","tdm_grid_status":"","footnotes":""},"categories":[7],"tags":[],"class_list":["post-8330","post","type-post","status-publish","format-standard","has-post-thumbnail","category-policiaca"],"_links":{"self":[{"href":"https:\/\/elrotativo.com.mx\/portal\/wp-json\/wp\/v2\/posts\/8330","targetHints":{"allow":["GET"]}}],"collection":[{"href":"https:\/\/elrotativo.com.mx\/portal\/wp-json\/wp\/v2\/posts"}],"about":[{"href":"https:\/\/elrotativo.com.mx\/portal\/wp-json\/wp\/v2\/types\/post"}],"author":[{"embeddable":true,"href":"https:\/\/elrotativo.com.mx\/portal\/wp-json\/wp\/v2\/users\/1"}],"replies":[{"embeddable":true,"href":"https:\/\/elrotativo.com.mx\/portal\/wp-json\/wp\/v2\/comments?post=8330"}],"version-history":[{"count":1,"href":"https:\/\/elrotativo.com.mx\/portal\/wp-json\/wp\/v2\/posts\/8330\/revisions"}],"predecessor-version":[{"id":8331,"href":"https:\/\/elrotativo.com.mx\/portal\/wp-json\/wp\/v2\/posts\/8330\/revisions\/8331"}],"wp:featuredmedia":[{"embeddable":true,"href":"https:\/\/elrotativo.com.mx\/portal\/wp-json\/wp\/v2\/media\/8281"}],"wp:attachment":[{"href":"https:\/\/elrotativo.com.mx\/portal\/wp-json\/wp\/v2\/media?parent=8330"}],"wp:term":[{"taxonomy":"category","embeddable":true,"href":"https:\/\/elrotativo.com.mx\/portal\/wp-json\/wp\/v2\/categories?post=8330"},{"taxonomy":"post_tag","embeddable":true,"href":"https:\/\/elrotativo.com.mx\/portal\/wp-json\/wp\/v2\/tags?post=8330"}],"curies":[{"name":"wp","href":"https:\/\/api.w.org\/{rel}","templated":true}]}}