{"id":7066,"date":"2022-10-05T23:52:03","date_gmt":"2022-10-06T04:52:03","guid":{"rendered":"https:\/\/elrotativo.mx\/portal\/?p=7066"},"modified":"2022-10-05T23:52:06","modified_gmt":"2022-10-06T04:52:06","slug":"benefician-a-mas-de-300-con-campana-de-lentes-gratuitos-en-rafael-delgado","status":"publish","type":"post","link":"https:\/\/elrotativo.com.mx\/portal\/benefician-a-mas-de-300-con-campana-de-lentes-gratuitos-en-rafael-delgado\/","title":{"rendered":"Benefician a m\u00e1s de 300 con campa\u00f1a de lentes gratuitos en Rafael Delgado"},"content":{"rendered":"\n<p>Rafael Delgado, Ver.- Con la finalidad de apoyar a la poblaci\u00f3n m\u00e1s necesitada, el ayuntamiento de Rafael Delgado en coordinaci\u00f3n con el Sistema para el Desarrollo Integral de la Familia (DIF) Municipal emprendi\u00f3 la campa\u00f1a de \u201cSalud Visual\u201d con la que se busca beneficiar a m\u00e1s de 300 habitantes, inform\u00f3 la presidenta de este organismo, Floriberta Ambrosio Tocohua.<\/p>\n\n\n\n<p>En entrevista destac\u00f3 que este apoyo se llev\u00f3 a cabo con la finalidad de ayudar a la econom\u00eda familiar de los habitantes de este municipio considerado la puerta a la sierra de Zongolica, sobre todo cuando se viene de una pandemia que oblig\u00f3 a los j\u00f3venes a hacer uso de aparatos electr\u00f3nicos que les caus\u00f3 da\u00f1os en la vista.<\/p>\n\n\n\n<p>Agreg\u00f3 que con este apoyo de examen de optometr\u00eda y lentes, buscan apoyar tambi\u00e9n a los adultos mayores y a los menores de edad y j\u00f3venes por el uso de medios electr\u00f3nicos durante la pandemia y adultos de escasos recursos que tambi\u00e9n lo requieran. \u201cLa necesidad de lentes aument\u00f3, la vista es algo que se debe cuidar, es por eso que realizamos esta campa\u00f1a que es totalmente gratuita. Consideramos que es una buena manera de ayudar a nuestra gente, estamos trabajando de la mano con diferentes asociaciones para buscar diversos apoyos y programas que se trabajan con DIF Estatal, continuamos laborando en beneficio de todos\u201d.<\/p>\n","protected":false},"excerpt":{"rendered":"<p>Rafael Delgado, Ver.- Con la finalidad de apoyar a la poblaci\u00f3n m\u00e1s necesitada, el ayuntamiento de Rafael Delgado en coordinaci\u00f3n con el Sistema para el Desarrollo Integral de la Familia (DIF) Municipal emprendi\u00f3 la campa\u00f1a de \u201cSalud Visual\u201d con la que se busca beneficiar a m\u00e1s de 300 habitantes, inform\u00f3 la presidenta de este organismo, [&hellip;]<\/p>\n","protected":false},"author":4,"featured_media":7067,"comment_status":"open","ping_status":"open","sticky":false,"template":"","format":"standard","meta":{"rop_custom_images_group":[],"rop_custom_messages_group":[],"rop_publish_now":"initial","rop_publish_now_accounts":{"facebook_2001103103558832_1797403930571497":""},"rop_publish_now_history":[],"rop_publish_now_status":"pending","tdm_status":"","tdm_grid_status":"","footnotes":""},"categories":[10],"tags":[],"class_list":{"0":"post-7066","1":"post","2":"type-post","3":"status-publish","4":"format-standard","5":"has-post-thumbnail","7":"category-local-regional"},"_links":{"self":[{"href":"https:\/\/elrotativo.com.mx\/portal\/wp-json\/wp\/v2\/posts\/7066","targetHints":{"allow":["GET"]}}],"collection":[{"href":"https:\/\/elrotativo.com.mx\/portal\/wp-json\/wp\/v2\/posts"}],"about":[{"href":"https:\/\/elrotativo.com.mx\/portal\/wp-json\/wp\/v2\/types\/post"}],"author":[{"embeddable":true,"href":"https:\/\/elrotativo.com.mx\/portal\/wp-json\/wp\/v2\/users\/4"}],"replies":[{"embeddable":true,"href":"https:\/\/elrotativo.com.mx\/portal\/wp-json\/wp\/v2\/comments?post=7066"}],"version-history":[{"count":1,"href":"https:\/\/elrotativo.com.mx\/portal\/wp-json\/wp\/v2\/posts\/7066\/revisions"}],"predecessor-version":[{"id":7070,"href":"https:\/\/elrotativo.com.mx\/portal\/wp-json\/wp\/v2\/posts\/7066\/revisions\/7070"}],"wp:featuredmedia":[{"embeddable":true,"href":"https:\/\/elrotativo.com.mx\/portal\/wp-json\/wp\/v2\/media\/7067"}],"wp:attachment":[{"href":"https:\/\/elrotativo.com.mx\/portal\/wp-json\/wp\/v2\/media?parent=7066"}],"wp:term":[{"taxonomy":"category","embeddable":true,"href":"https:\/\/elrotativo.com.mx\/portal\/wp-json\/wp\/v2\/categories?post=7066"},{"taxonomy":"post_tag","embeddable":true,"href":"https:\/\/elrotativo.com.mx\/portal\/wp-json\/wp\/v2\/tags?post=7066"}],"curies":[{"name":"wp","href":"https:\/\/api.w.org\/{rel}","templated":true}]}}