{"id":7064,"date":"2022-10-05T23:49:56","date_gmt":"2022-10-06T04:49:56","guid":{"rendered":"https:\/\/elrotativo.mx\/portal\/?p=7064"},"modified":"2022-10-05T23:49:59","modified_gmt":"2022-10-06T04:49:59","slug":"captura-policia-estatal-a-narcomenudista-en-orizaba","status":"publish","type":"post","link":"https:\/\/elrotativo.com.mx\/portal\/captura-policia-estatal-a-narcomenudista-en-orizaba\/","title":{"rendered":"Captura Polic\u00eda Estatal a narcomenudista en Orizaba"},"content":{"rendered":"\n<p>Orizaba, Ver.- Agentes de la Polic\u00eda Estatal, detuvo a Emmanuel \u201cN\u201d, por presuntos delitos contra la salud, portaci\u00f3n ilegal de arma de fuego y contra las instituciones de seguridad p\u00fablica, en el municipio de Orizaba.<\/p>\n\n\n\n<p>Mediante reporte an\u00f3nimo a la l\u00ednea de emergencias de la Delegacion de Polic\u00eda Estatal Regi\u00f3n XVI Mendoza, los oficiales fueron alertados sobre la presunta venta de droga por parte de un hombre, en la calle Norte 14-A, en la colonia Emiliano Zapata; al acudir al sitio, la persona reportada intent\u00f3 escapar de la presencia policial, abordo de una motocicleta Vento, de la cual casi derrapa por lo cual descendi\u00f3 de la misma, para posterior disparar con un arma de fuego que portaba contra los elementos Policiales.<\/p>\n\n\n\n<p>Al verse superado en n\u00famero, Emmanuel \u201cN\u201d fue intervenido, le decomisaron un arma de fuego, seis casquillos calibre 38 mm, 46 bolsitas de marihuana con leyenda alusiva a un grupo delictivo y 2 mil pesos en efectivo.<\/p>\n\n\n\n<p>El detenido y lo asegurado fue puesto a disposici\u00f3n de la Unidad Integral de Procuraci\u00f3n de Justicia de Orizaba.<\/p>\n","protected":false},"excerpt":{"rendered":"<p>Orizaba, Ver.- Agentes de la Polic\u00eda Estatal, detuvo a Emmanuel \u201cN\u201d, por presuntos delitos contra la salud, portaci\u00f3n ilegal de arma de fuego y contra las instituciones de seguridad p\u00fablica, en el municipio de Orizaba. Mediante reporte an\u00f3nimo a la l\u00ednea de emergencias de la Delegacion de Polic\u00eda Estatal Regi\u00f3n XVI Mendoza, los oficiales fueron [&hellip;]<\/p>\n","protected":false},"author":4,"featured_media":7057,"comment_status":"open","ping_status":"open","sticky":false,"template":"","format":"standard","meta":{"rop_custom_images_group":[],"rop_custom_messages_group":[],"rop_publish_now":"initial","rop_publish_now_accounts":{"facebook_2001103103558832_1797403930571497":""},"rop_publish_now_history":[],"rop_publish_now_status":"pending","tdm_status":"","tdm_grid_status":"","footnotes":""},"categories":[7],"tags":[],"class_list":{"0":"post-7064","1":"post","2":"type-post","3":"status-publish","4":"format-standard","5":"has-post-thumbnail","7":"category-policiaca"},"_links":{"self":[{"href":"https:\/\/elrotativo.com.mx\/portal\/wp-json\/wp\/v2\/posts\/7064","targetHints":{"allow":["GET"]}}],"collection":[{"href":"https:\/\/elrotativo.com.mx\/portal\/wp-json\/wp\/v2\/posts"}],"about":[{"href":"https:\/\/elrotativo.com.mx\/portal\/wp-json\/wp\/v2\/types\/post"}],"author":[{"embeddable":true,"href":"https:\/\/elrotativo.com.mx\/portal\/wp-json\/wp\/v2\/users\/4"}],"replies":[{"embeddable":true,"href":"https:\/\/elrotativo.com.mx\/portal\/wp-json\/wp\/v2\/comments?post=7064"}],"version-history":[{"count":1,"href":"https:\/\/elrotativo.com.mx\/portal\/wp-json\/wp\/v2\/posts\/7064\/revisions"}],"predecessor-version":[{"id":7065,"href":"https:\/\/elrotativo.com.mx\/portal\/wp-json\/wp\/v2\/posts\/7064\/revisions\/7065"}],"wp:featuredmedia":[{"embeddable":true,"href":"https:\/\/elrotativo.com.mx\/portal\/wp-json\/wp\/v2\/media\/7057"}],"wp:attachment":[{"href":"https:\/\/elrotativo.com.mx\/portal\/wp-json\/wp\/v2\/media?parent=7064"}],"wp:term":[{"taxonomy":"category","embeddable":true,"href":"https:\/\/elrotativo.com.mx\/portal\/wp-json\/wp\/v2\/categories?post=7064"},{"taxonomy":"post_tag","embeddable":true,"href":"https:\/\/elrotativo.com.mx\/portal\/wp-json\/wp\/v2\/tags?post=7064"}],"curies":[{"name":"wp","href":"https:\/\/api.w.org\/{rel}","templated":true}]}}