{"id":651,"date":"2022-05-10T07:29:00","date_gmt":"2022-05-10T07:29:00","guid":{"rendered":"https:\/\/elrotativo.mx\/portal\/?p=651"},"modified":"2022-05-12T07:30:30","modified_gmt":"2022-05-12T07:30:30","slug":"con-rodada-ciclistas-de-la-region-celebraran-su-noveno-aniversario","status":"publish","type":"post","link":"https:\/\/elrotativo.com.mx\/portal\/con-rodada-ciclistas-de-la-region-celebraran-su-noveno-aniversario\/","title":{"rendered":"Con rodada, ciclistas de la regi\u00f3n celebrar\u00e1n su noveno aniversario"},"content":{"rendered":"\n<p class=\"wp-block-paragraph\">Orizaba, Ver.- Al menos cuatro mil ciclistas de la regi\u00f3n rodar\u00e1n el 15 de mayo por m\u00e1s de 15 kil\u00f3metros para celebrar el noveno aniversario de la Asociaci\u00f3n \u201cBiciOri Paz y Bien\u201d inform\u00f3 en &nbsp;rueda de prensa, el presidente de esta asociaci\u00f3n, Delfino Ram\u00edrez Encarnaci\u00f3n.<\/p>\n\n\n\n<p class=\"wp-block-paragraph\">El tambi\u00e9n profesor, explic\u00f3 que debido a la pandemia del COVID-19 durante dos a\u00f1os no pudieron efectuar esta actividad, pero ante la baja en los casos, retomaran con gusto la rodada familiar para que todas las personas de la regi\u00f3n se unan.<\/p>\n\n\n\n<p class=\"wp-block-paragraph\">\u00abEsperamos que superemos la cifra de 3 mil 200 o un poco m\u00e1s, quiz\u00e1 los 4 mil como los que tuvimos la \u00faltima vez hace dos a\u00f1os\u00bb.<\/p>\n\n\n\n<p class=\"wp-block-paragraph\">Detall\u00f3 que saldr\u00e1n del Parque Miguel Hidalgo Ciudad Mendoza a las 11:00 horas y pasar\u00e1n por Nogales, R\u00edo Blanco, Orizaba; \u201cquiz\u00e1 no todos salgan de Camerino Z. Mendoza, pero se ir\u00e1n sumando en todo el recorrido. Esto no es competencia es un recorrido familiar, y nos va apoyando PC de cada municipio, as\u00ed como llevamos una ambulancia. Llegando a Orizaba damos vuelta en Oriente 6 con Sur 25 hasta llegar a la Alameda y ah\u00ed haremos una rifa de bicicletas\u00bb.<\/p>\n\n\n\n<p class=\"wp-block-paragraph\">A\u00f1adi\u00f3 que es importante que &nbsp;la gente lleve cubrebocas, hidrataci\u00f3n, ropa c\u00f3moda, casco, bicicleta en buen estado para que puedan disfrutar de este recorrido por cuatro municipios de la regi\u00f3n.<\/p>\n","protected":false},"excerpt":{"rendered":"<p>Orizaba, Ver.- Al menos cuatro mil ciclistas de la regi\u00f3n rodar\u00e1n el 15 de mayo por m\u00e1s de 15 kil\u00f3metros para celebrar el noveno aniversario de la Asociaci\u00f3n \u201cBiciOri Paz y Bien\u201d inform\u00f3 en &nbsp;rueda de prensa, el presidente de esta asociaci\u00f3n, Delfino Ram\u00edrez Encarnaci\u00f3n. El tambi\u00e9n profesor, explic\u00f3 que debido a la pandemia del [&hellip;]<\/p>\n","protected":false},"author":1,"featured_media":652,"comment_status":"open","ping_status":"open","sticky":false,"template":"","format":"standard","meta":{"tdm_status":"","tdm_grid_status":"","footnotes":""},"categories":[10],"tags":[],"class_list":["post-651","post","type-post","status-publish","format-standard","has-post-thumbnail","category-local-regional"],"_links":{"self":[{"href":"https:\/\/elrotativo.com.mx\/portal\/wp-json\/wp\/v2\/posts\/651","targetHints":{"allow":["GET"]}}],"collection":[{"href":"https:\/\/elrotativo.com.mx\/portal\/wp-json\/wp\/v2\/posts"}],"about":[{"href":"https:\/\/elrotativo.com.mx\/portal\/wp-json\/wp\/v2\/types\/post"}],"author":[{"embeddable":true,"href":"https:\/\/elrotativo.com.mx\/portal\/wp-json\/wp\/v2\/users\/1"}],"replies":[{"embeddable":true,"href":"https:\/\/elrotativo.com.mx\/portal\/wp-json\/wp\/v2\/comments?post=651"}],"version-history":[{"count":1,"href":"https:\/\/elrotativo.com.mx\/portal\/wp-json\/wp\/v2\/posts\/651\/revisions"}],"predecessor-version":[{"id":653,"href":"https:\/\/elrotativo.com.mx\/portal\/wp-json\/wp\/v2\/posts\/651\/revisions\/653"}],"wp:featuredmedia":[{"embeddable":true,"href":"https:\/\/elrotativo.com.mx\/portal\/wp-json\/wp\/v2\/media\/652"}],"wp:attachment":[{"href":"https:\/\/elrotativo.com.mx\/portal\/wp-json\/wp\/v2\/media?parent=651"}],"wp:term":[{"taxonomy":"category","embeddable":true,"href":"https:\/\/elrotativo.com.mx\/portal\/wp-json\/wp\/v2\/categories?post=651"},{"taxonomy":"post_tag","embeddable":true,"href":"https:\/\/elrotativo.com.mx\/portal\/wp-json\/wp\/v2\/tags?post=651"}],"curies":[{"name":"wp","href":"https:\/\/api.w.org\/{rel}","templated":true}]}}