{"id":645,"date":"2022-05-10T07:26:00","date_gmt":"2022-05-10T07:26:00","guid":{"rendered":"https:\/\/elrotativo.mx\/portal\/?p=645"},"modified":"2022-05-12T07:27:50","modified_gmt":"2022-05-12T07:27:50","slug":"marchan-periodistas-en-cordoba-por-asesinato-de-reporteras","status":"publish","type":"post","link":"https:\/\/elrotativo.com.mx\/portal\/marchan-periodistas-en-cordoba-por-asesinato-de-reporteras\/","title":{"rendered":"Marchan periodistas en C\u00f3rdoba, por asesinato de reporteras"},"content":{"rendered":"\n<p class=\"wp-block-paragraph\">C\u00f3rdoba, Ver.- Ante el asesinato de las reporteras Yesenia Mollinedo Falconi y&nbsp; Sheila Johana Garc\u00eda Olivera en el municipio de Cosoleacaque, periodistas de la regi\u00f3n de C\u00f3rdoba marcharon por las calles de esa ciudad en protesta y exigencia de justicia.<\/p>\n\n\n\n<p class=\"wp-block-paragraph\">El grupo de trabajadores de medios de comunicaci\u00f3n, salieron a las calles del municipio para llegar a la Fiscal\u00eda, en donde se manifestaron. \u00abSomos compa\u00f1eros de comunicaci\u00f3n que hay en prensa escrita, radio y televisi\u00f3n y merecemos respeto y el derecho a no ser agredidos, se\u00f1alados, denostados y discriminados, pues muchas veces desde el gobierno federal y estatal nos etiquetan e incrementan las agresiones hacia nosotros\u00bb, indicaron.<\/p>\n\n\n\n<p class=\"wp-block-paragraph\">Los reporteros, detallaron que anteriormente las agresiones proven\u00edan de grupos criminales y pol\u00edticos, pero hoy tambi\u00e9n son agredidos por ciudadanos que replican a las autoridades que dan calificativos de \u201cfif\u00eds\u201d y \u201cchayoteros\u201d a quienes se dedican a informar.<\/p>\n\n\n\n<p class=\"wp-block-paragraph\">Lamentaron que el lunes pasado, se dio el asesinato no s\u00f3lo de dos periodistas, sino de dos mujeres que eran madres; esto en un estado en donde los feminicidios, las agresiones de g\u00e9nero y las desapariciones tambi\u00e9n son una constante.<\/p>\n\n\n\n<p class=\"wp-block-paragraph\">Expusieron que ser mujer en Veracruz es ya un riesgo pero&nbsp; adem\u00e1s ser periodista, representa un doble riesgo, pues todos los periodistas salen hoy a la calle con la bendici\u00f3n de sus familias y expuestos a que algo les pueda pasar por llevar a la poblaci\u00f3n la informaci\u00f3n a la que tiene derecho.<\/p>\n\n\n\n<p class=\"wp-block-paragraph\">\u201c\u00bfCon qu\u00e9 nos defendemos? Con una c\u00e1mara, con una grabadora. Exigimos que pare ese discurso de odio desde las c\u00fapulas, pues s\u00f3lo ha desatado m\u00e1s las agresiones\u201d.<\/p>\n","protected":false},"excerpt":{"rendered":"<p>C\u00f3rdoba, Ver.- Ante el asesinato de las reporteras Yesenia Mollinedo Falconi y&nbsp; Sheila Johana Garc\u00eda Olivera en el municipio de Cosoleacaque, periodistas de la regi\u00f3n de C\u00f3rdoba marcharon por las calles de esa ciudad en protesta y exigencia de justicia. El grupo de trabajadores de medios de comunicaci\u00f3n, salieron a las calles del municipio para [&hellip;]<\/p>\n","protected":false},"author":1,"featured_media":646,"comment_status":"open","ping_status":"open","sticky":false,"template":"","format":"standard","meta":{"tdm_status":"","tdm_grid_status":"","footnotes":""},"categories":[10],"tags":[],"class_list":["post-645","post","type-post","status-publish","format-standard","has-post-thumbnail","category-local-regional"],"_links":{"self":[{"href":"https:\/\/elrotativo.com.mx\/portal\/wp-json\/wp\/v2\/posts\/645","targetHints":{"allow":["GET"]}}],"collection":[{"href":"https:\/\/elrotativo.com.mx\/portal\/wp-json\/wp\/v2\/posts"}],"about":[{"href":"https:\/\/elrotativo.com.mx\/portal\/wp-json\/wp\/v2\/types\/post"}],"author":[{"embeddable":true,"href":"https:\/\/elrotativo.com.mx\/portal\/wp-json\/wp\/v2\/users\/1"}],"replies":[{"embeddable":true,"href":"https:\/\/elrotativo.com.mx\/portal\/wp-json\/wp\/v2\/comments?post=645"}],"version-history":[{"count":1,"href":"https:\/\/elrotativo.com.mx\/portal\/wp-json\/wp\/v2\/posts\/645\/revisions"}],"predecessor-version":[{"id":647,"href":"https:\/\/elrotativo.com.mx\/portal\/wp-json\/wp\/v2\/posts\/645\/revisions\/647"}],"wp:featuredmedia":[{"embeddable":true,"href":"https:\/\/elrotativo.com.mx\/portal\/wp-json\/wp\/v2\/media\/646"}],"wp:attachment":[{"href":"https:\/\/elrotativo.com.mx\/portal\/wp-json\/wp\/v2\/media?parent=645"}],"wp:term":[{"taxonomy":"category","embeddable":true,"href":"https:\/\/elrotativo.com.mx\/portal\/wp-json\/wp\/v2\/categories?post=645"},{"taxonomy":"post_tag","embeddable":true,"href":"https:\/\/elrotativo.com.mx\/portal\/wp-json\/wp\/v2\/tags?post=645"}],"curies":[{"name":"wp","href":"https:\/\/api.w.org\/{rel}","templated":true}]}}