{"id":642,"date":"2022-05-10T07:24:00","date_gmt":"2022-05-10T07:24:00","guid":{"rendered":"https:\/\/elrotativo.mx\/portal\/?p=642"},"modified":"2022-05-12T07:26:25","modified_gmt":"2022-05-12T07:26:25","slug":"celebran-el-dia-de-la-madre-en-rafael-delgado","status":"publish","type":"post","link":"https:\/\/elrotativo.com.mx\/portal\/celebran-el-dia-de-la-madre-en-rafael-delgado\/","title":{"rendered":"Celebran el D\u00eda de la Madre en Rafael Delgado"},"content":{"rendered":"\n<p class=\"wp-block-paragraph\">Rafael Delgado, Ver.- En el marco de la conmemoraci\u00f3n del D\u00eda de las Madres, el Sistema Municipal para el Desarrollo Integral de la Familia (DIF) y el Ayuntamiento de Rafael Delgado llevaron a cabo un festival para celebrar a todas las mam\u00e1s de la cabecera y congregaciones.<\/p>\n\n\n\n<p class=\"wp-block-paragraph\">El evento encabezado por la presidenta de DIF municipal, Floriberta Ambrosio Tocohua dio inicio con la entrega de regalos a las 2 mil madres de familia que se dieron cita para acudir a este evento, acto seguido de un show a cargo de Ra\u00fal \u201cEl pl\u00e1tano\u201d y \u201cEl Galleta\u201d en el que las festejadas participaron en las diferentes din\u00e1micas para obtener premios.<\/p>\n\n\n\n<p class=\"wp-block-paragraph\">La presidenta de DIF municipal, Floriberta Ambrosio Tocohua y la directora de DIF, Maricela Hern\u00e1ndez Mart\u00ednez coincidieron en que esta administraci\u00f3n est\u00e1 comprometida con las mujeres y agradecieron el esfuerzo que significa ser mam\u00e1.<\/p>\n\n\n\n<p class=\"wp-block-paragraph\">\u201cEl Ayuntamiento y el DIF municipal le agradece a cada una de las mujeres por estar aqu\u00ed acompa\u00f1\u00e1ndonos. Levantamos una plegaria hasta el cielo por las que se nos han adelantado, pero queremos que sepan que aqu\u00ed son importantes\u201d.<\/p>\n\n\n\n<p class=\"wp-block-paragraph\">Asimismo, la presidenta reconoci\u00f3 la labor que desempe\u00f1an las mujeres que son madres de familia, adem\u00e1s de destacar su valor como pieza fundamental de la sociedad.<\/p>\n\n\n\n<p class=\"wp-block-paragraph\">\u201cSer mam\u00e1 es una tarea dif\u00edcil pero que con mucho gusto hacemos, pero no s\u00f3lo somos madres de familia, somos guerreras y luchadoras de la vida diaria, debemos estar orgullosas, se los digo en n\u00e1huatl porque de aqu\u00ed somos, de nuestro pueblo, gracias\u201d.<\/p>\n\n\n\n<p class=\"wp-block-paragraph\">Durante la celebraci\u00f3n, el personal de Salud llev\u00f3 a cabo la entrega de cubrebocas, gel antibacterial y sanitizante para promover la responsabilidad de salud en los ciudadanos, para despu\u00e9s degustar del tradicional pastel con motivo del D\u00eda de las Madres.<\/p>\n\n\n\n<p class=\"wp-block-paragraph\">Asimismo se rifaron estufas, planchas, cafeteras y refrigeradores entre las presentes y disfrutaron de una verbena popular amenizada por \u201cConjunto Nuevo Acapulco\u201d y \u201cSonido Chundo\u201d.<\/p>\n","protected":false},"excerpt":{"rendered":"<p>Rafael Delgado, Ver.- En el marco de la conmemoraci\u00f3n del D\u00eda de las Madres, el Sistema Municipal para el Desarrollo Integral de la Familia (DIF) y el Ayuntamiento de Rafael Delgado llevaron a cabo un festival para celebrar a todas las mam\u00e1s de la cabecera y congregaciones. El evento encabezado por la presidenta de DIF [&hellip;]<\/p>\n","protected":false},"author":1,"featured_media":643,"comment_status":"open","ping_status":"open","sticky":false,"template":"","format":"standard","meta":{"tdm_status":"","tdm_grid_status":"","footnotes":""},"categories":[10],"tags":[],"class_list":["post-642","post","type-post","status-publish","format-standard","has-post-thumbnail","category-local-regional"],"_links":{"self":[{"href":"https:\/\/elrotativo.com.mx\/portal\/wp-json\/wp\/v2\/posts\/642","targetHints":{"allow":["GET"]}}],"collection":[{"href":"https:\/\/elrotativo.com.mx\/portal\/wp-json\/wp\/v2\/posts"}],"about":[{"href":"https:\/\/elrotativo.com.mx\/portal\/wp-json\/wp\/v2\/types\/post"}],"author":[{"embeddable":true,"href":"https:\/\/elrotativo.com.mx\/portal\/wp-json\/wp\/v2\/users\/1"}],"replies":[{"embeddable":true,"href":"https:\/\/elrotativo.com.mx\/portal\/wp-json\/wp\/v2\/comments?post=642"}],"version-history":[{"count":1,"href":"https:\/\/elrotativo.com.mx\/portal\/wp-json\/wp\/v2\/posts\/642\/revisions"}],"predecessor-version":[{"id":644,"href":"https:\/\/elrotativo.com.mx\/portal\/wp-json\/wp\/v2\/posts\/642\/revisions\/644"}],"wp:featuredmedia":[{"embeddable":true,"href":"https:\/\/elrotativo.com.mx\/portal\/wp-json\/wp\/v2\/media\/643"}],"wp:attachment":[{"href":"https:\/\/elrotativo.com.mx\/portal\/wp-json\/wp\/v2\/media?parent=642"}],"wp:term":[{"taxonomy":"category","embeddable":true,"href":"https:\/\/elrotativo.com.mx\/portal\/wp-json\/wp\/v2\/categories?post=642"},{"taxonomy":"post_tag","embeddable":true,"href":"https:\/\/elrotativo.com.mx\/portal\/wp-json\/wp\/v2\/tags?post=642"}],"curies":[{"name":"wp","href":"https:\/\/api.w.org\/{rel}","templated":true}]}}