{"id":639,"date":"2022-05-10T07:23:00","date_gmt":"2022-05-10T07:23:00","guid":{"rendered":"https:\/\/elrotativo.mx\/portal\/?p=639"},"modified":"2022-05-12T07:24:57","modified_gmt":"2022-05-12T07:24:57","slug":"colocaran-nomenclaturas-en-calles-de-rio-blanco","status":"publish","type":"post","link":"https:\/\/elrotativo.com.mx\/portal\/colocaran-nomenclaturas-en-calles-de-rio-blanco\/","title":{"rendered":"Colocar\u00e1n nomenclaturas en calles de R\u00edo Blanco"},"content":{"rendered":"\n<p class=\"wp-block-paragraph\">R\u00edo Blanco, Ver.- El Ayuntamiento de R\u00edo Blanco, a trav\u00e9s de la Direcci\u00f3n de Obras P\u00fablicas, inici\u00f3 la colocaci\u00f3n de mil 300 nomenclaturas en toda la avenida de Camino Nacional, y en calles aleda\u00f1as de 14 colonias de la ciudad, con el fin de dar seguridad vial a peatones y conductores.<\/p>\n\n\n\n<p class=\"wp-block-paragraph\">Como parte de las acciones programadas para el embellecimiento urbano de R\u00edo Blanco, autoridades municipales encabezadas por el presidente, Ricardo P\u00e9rez Garc\u00eda, dieron el banderazo de inicio para la colocaci\u00f3n de la se\u00f1al\u00e9tica con nomenclatura en piezas de cer\u00e1mica, forradas con vinil, sublimado y barniz UV, con recursos del FORTAMUNDF.<\/p>\n\n\n\n<p class=\"wp-block-paragraph\">\u201cCon esta obra reforzamos el compromiso de embellecer el primer cuadro de la ciudad y colonias aleda\u00f1as, buscamos que se siga viendo el cambio en nuestras calles para el bien de los rioblanquenses; adem\u00e1s de la se\u00f1al\u00e9tica, hoy tenemos guarniciones y banquetas pintadas, botes de basura, hoy la ciudad se ve mejor y m\u00e1s limpia\u201d, expres\u00f3.<\/p>\n\n\n\n<p class=\"wp-block-paragraph\">La obra arranc\u00f3 en la esquina de Norte 14 esquina con avenida Camino Nacional, en donde se mencion\u00f3 que, con la colocaci\u00f3n de nomenclatura, ser\u00e1n beneficiados vecinos de las colonias Reforma, Benito Ju\u00e1rez, Ricardo Flores Mag\u00f3n, Libertad, Agraria, Hospitalito, Centro y otras.<\/p>\n\n\n\n<p class=\"wp-block-paragraph\">Derivado de la importancia de la participaci\u00f3n ciudadana para la administraci\u00f3n municipal 2022-2025, integrantes del Comit\u00e9 Vecinal de dicha obra, tambi\u00e9n estuvieron presentes en el banderazo de inicio, como una forma de ser part\u00edcipes del trabajo municipal.<\/p>\n","protected":false},"excerpt":{"rendered":"<p>R\u00edo Blanco, Ver.- El Ayuntamiento de R\u00edo Blanco, a trav\u00e9s de la Direcci\u00f3n de Obras P\u00fablicas, inici\u00f3 la colocaci\u00f3n de mil 300 nomenclaturas en toda la avenida de Camino Nacional, y en calles aleda\u00f1as de 14 colonias de la ciudad, con el fin de dar seguridad vial a peatones y conductores. Como parte de las [&hellip;]<\/p>\n","protected":false},"author":1,"featured_media":640,"comment_status":"open","ping_status":"open","sticky":false,"template":"","format":"standard","meta":{"tdm_status":"","tdm_grid_status":"","footnotes":""},"categories":[10],"tags":[],"class_list":["post-639","post","type-post","status-publish","format-standard","has-post-thumbnail","category-local-regional"],"_links":{"self":[{"href":"https:\/\/elrotativo.com.mx\/portal\/wp-json\/wp\/v2\/posts\/639","targetHints":{"allow":["GET"]}}],"collection":[{"href":"https:\/\/elrotativo.com.mx\/portal\/wp-json\/wp\/v2\/posts"}],"about":[{"href":"https:\/\/elrotativo.com.mx\/portal\/wp-json\/wp\/v2\/types\/post"}],"author":[{"embeddable":true,"href":"https:\/\/elrotativo.com.mx\/portal\/wp-json\/wp\/v2\/users\/1"}],"replies":[{"embeddable":true,"href":"https:\/\/elrotativo.com.mx\/portal\/wp-json\/wp\/v2\/comments?post=639"}],"version-history":[{"count":1,"href":"https:\/\/elrotativo.com.mx\/portal\/wp-json\/wp\/v2\/posts\/639\/revisions"}],"predecessor-version":[{"id":641,"href":"https:\/\/elrotativo.com.mx\/portal\/wp-json\/wp\/v2\/posts\/639\/revisions\/641"}],"wp:featuredmedia":[{"embeddable":true,"href":"https:\/\/elrotativo.com.mx\/portal\/wp-json\/wp\/v2\/media\/640"}],"wp:attachment":[{"href":"https:\/\/elrotativo.com.mx\/portal\/wp-json\/wp\/v2\/media?parent=639"}],"wp:term":[{"taxonomy":"category","embeddable":true,"href":"https:\/\/elrotativo.com.mx\/portal\/wp-json\/wp\/v2\/categories?post=639"},{"taxonomy":"post_tag","embeddable":true,"href":"https:\/\/elrotativo.com.mx\/portal\/wp-json\/wp\/v2\/tags?post=639"}],"curies":[{"name":"wp","href":"https:\/\/api.w.org\/{rel}","templated":true}]}}