{"id":5479,"date":"2022-08-25T00:49:10","date_gmt":"2022-08-25T05:49:10","guid":{"rendered":"https:\/\/elrotativo.mx\/portal\/?p=5479"},"modified":"2022-08-25T00:49:11","modified_gmt":"2022-08-25T05:49:11","slug":"conmemoran-autoridades-201-aniversario-de-la-firma-de-los-tratados-de-cordoba","status":"publish","type":"post","link":"https:\/\/elrotativo.com.mx\/portal\/conmemoran-autoridades-201-aniversario-de-la-firma-de-los-tratados-de-cordoba\/","title":{"rendered":"Conmemoran Autoridades 201 Aniversario de la Firma de los Tratados de C\u00f3rdoba"},"content":{"rendered":"\n<p class=\"wp-block-paragraph\"><p class=\"MsoNoSpacing\" style=\"text-align:justify\"><span style=\"font-size:12.0pt;,sans-serif;color:#212121\">C\u00f3rdoba, Ver.- En el marco del 201 Aniversario de la Firma de los Tratados de C\u00f3rdoba, autoridades municipales, participaron en el acto c\u00edvico de este d\u00eda a cargo de la Heroica Escuela Naval Militar, que se llev\u00f3 a cabo en la explanada del parque 21 de Mayo, y en el cual particip\u00f3 el Almirante, Jos\u00e9 Tom\u00e1s Jorge Tress Zilly, Inspector y Contralor General de la Armada de M\u00e9xico e invitados especiales. <\/span><\/p><p class=\"MsoNoSpacing\" style=\"text-align:justify\"><span style=\"font-size:12.0pt;,sans-serif;color:#212121\">En esta ocasi\u00f3n, el L\u00e1baro fue engalanado por la Heroica Escuela Naval Militar, dando paso al izamiento de la Bandera a cargo de la S\u00edndica \u00danica, Vania L\u00f3pez Gonz\u00e1lez.<\/span><\/p><p class=\"MsoNoSpacing\" style=\"text-align:justify\"><span style=\"font-size:12.0pt;,sans-serif;color:#212121\">Posteriormente, se llevaron a cabo los Honores al Inspector y Contralor General de la Armada de M\u00e9xico Almirante, Jos\u00e9 Tom\u00e1s Jorge Tress Zilly a cargo de la Banda de Guerra Naval.<\/span><\/p><p class=\"MsoNoSpacing\" style=\"text-align:justify\"><span style=\"font-size:12.0pt;,sans-serif;color:#212121\">Seguido de ello, Daniel Hern\u00e1ndez del \u00c1ngel, Director de Desarrollo Social dirigi\u00f3 el juramento a la Bandera; dando paso as\u00ed al Himno Nacional entonado por la Banda de M\u00fasica Municipal en acompa\u00f1amiento de Juan Manuel Cadenas Mascorro, al igual que el Himno a Veracruz. <\/span><\/p><p class=\"MsoNoSpacing\" style=\"text-align:justify\"><span style=\"font-size:12.0pt;,sans-serif;color:#212121\">Por otra parte, el Regidor Sexto, Sergio Armando de la Llave Migoni, \u00a0record\u00f3 el pasaje hist\u00f3rico de tan especial fecha cuando se lleva a cabo la firma de los Tratados de C\u00f3rdoba, llamando a los cordobeses a honrar la memoria de los antepasados.<\/span><\/p><p class=\"MsoNoSpacing\" style=\"text-align:justify\"><span style=\"font-size:12.0pt;,sans-serif;color:#212121\">Posteriormente, la comuna cordobesa e invitados especiales se trasladaron al portal de Zevallos, en la esquina de la calle 1 para la colocaci\u00f3n de la ofrenda floral y efectuar la Guardia de Honor.<\/span><\/p><p class=\"MsoNoSpacing\" style=\"text-align:justify\"><span style=\"font-size:12.0pt;,sans-serif;color:#212121\">Para finalizar y conmemorar el 105 Aniversario de la Promulgaci\u00f3n de la Constituci\u00f3n Pol\u00edtica del Estado de Veracruz, funcionarios se trasladaron a la primaria Francisco I. Madero en donde la alumna Jenifer Otarula Barojas del CBTIS 47 hizo una remembranza sobre estos hechos hist\u00f3ricos, una vez ello autoridades municipales e invitados especiales procedieron a la Guardia de Honor.<\/span><\/p><p class=\"MsoNoSpacing\" style=\"text-align:justify\"><span style=\"font-size:12.0pt;,sans-serif;color:#212121\">Finalmente, y engalanando este d\u00eda, se llev\u00f3 a cabo un recorrido por las principales calles de la ciudad por la Heroica Escuela Naval, iniciando por la escolta, Banda de Guerra, la secci\u00f3n de Cadetes, veh\u00edculos artillados de personal de infanter\u00eda de Marina, y finalizando con la participaci\u00f3n de profesores y estudiantes del Cbtis 47.<\/span><\/p> <\/p>\n","protected":false},"excerpt":{"rendered":"<p>C\u00f3rdoba, Ver.- En el marco del 201 Aniversario de la Firma de los Tratados de C\u00f3rdoba, autoridades municipales, participaron en el acto c\u00edvico de este d\u00eda a cargo de la Heroica Escuela Naval Militar, que se llev\u00f3 a cabo en la explanada del parque 21 de Mayo, y en el cual particip\u00f3 el Almirante, Jos\u00e9 [&hellip;]<\/p>\n","protected":false},"author":4,"featured_media":5459,"comment_status":"open","ping_status":"open","sticky":false,"template":"","format":"standard","meta":{"tdm_status":"","tdm_grid_status":"","footnotes":""},"categories":[10],"tags":[],"class_list":["post-5479","post","type-post","status-publish","format-standard","has-post-thumbnail","category-local-regional"],"_links":{"self":[{"href":"https:\/\/elrotativo.com.mx\/portal\/wp-json\/wp\/v2\/posts\/5479","targetHints":{"allow":["GET"]}}],"collection":[{"href":"https:\/\/elrotativo.com.mx\/portal\/wp-json\/wp\/v2\/posts"}],"about":[{"href":"https:\/\/elrotativo.com.mx\/portal\/wp-json\/wp\/v2\/types\/post"}],"author":[{"embeddable":true,"href":"https:\/\/elrotativo.com.mx\/portal\/wp-json\/wp\/v2\/users\/4"}],"replies":[{"embeddable":true,"href":"https:\/\/elrotativo.com.mx\/portal\/wp-json\/wp\/v2\/comments?post=5479"}],"version-history":[{"count":1,"href":"https:\/\/elrotativo.com.mx\/portal\/wp-json\/wp\/v2\/posts\/5479\/revisions"}],"predecessor-version":[{"id":5480,"href":"https:\/\/elrotativo.com.mx\/portal\/wp-json\/wp\/v2\/posts\/5479\/revisions\/5480"}],"wp:featuredmedia":[{"embeddable":true,"href":"https:\/\/elrotativo.com.mx\/portal\/wp-json\/wp\/v2\/media\/5459"}],"wp:attachment":[{"href":"https:\/\/elrotativo.com.mx\/portal\/wp-json\/wp\/v2\/media?parent=5479"}],"wp:term":[{"taxonomy":"category","embeddable":true,"href":"https:\/\/elrotativo.com.mx\/portal\/wp-json\/wp\/v2\/categories?post=5479"},{"taxonomy":"post_tag","embeddable":true,"href":"https:\/\/elrotativo.com.mx\/portal\/wp-json\/wp\/v2\/tags?post=5479"}],"curies":[{"name":"wp","href":"https:\/\/api.w.org\/{rel}","templated":true}]}}