{"id":5477,"date":"2022-08-25T00:48:12","date_gmt":"2022-08-25T05:48:12","guid":{"rendered":"https:\/\/elrotativo.mx\/portal\/?p=5477"},"modified":"2022-08-25T00:48:13","modified_gmt":"2022-08-25T05:48:13","slug":"designan-a-presidente-de-cordoba-embajador-de-la-organizacion-mundial-de-ciudades-sostenibles","status":"publish","type":"post","link":"https:\/\/elrotativo.com.mx\/portal\/designan-a-presidente-de-cordoba-embajador-de-la-organizacion-mundial-de-ciudades-sostenibles\/","title":{"rendered":"Designan a Presidente de C\u00f3rdoba Embajador de la Organizaci\u00f3n Mundial de Ciudades Sostenibles"},"content":{"rendered":"\n<p class=\"wp-block-paragraph\"><p class=\"MsoNoSpacing\" style=\"text-align:justify\"><span style=\"font-size:12.0pt;,sans-serif;color:#212121\">Par\u00eds, Francia.- El Presidente Municipal, Juan Mart\u00ednez Flores, participa en el 6\u00ba Foro Global Ciudades Sostenibles \u00abAgenda 2030\u00bb, plataforma mundial que re\u00fane a expertos en innovaci\u00f3n en diferentes \u00e1reas de desarrollo municipal con gobernadores, alcaldes y servidores p\u00fablicos de Iberoam\u00e9rica, provenientes de 15 pa\u00edses. <\/span><\/p><p class=\"MsoNoSpacing\" style=\"text-align:justify\"><span style=\"font-size:12.0pt;,sans-serif;color:#212121\">El Presidente Municipal de C\u00f3rdoba, Veracruz, tambi\u00e9n rindi\u00f3 protesta como Embajador de la Organizaci\u00f3n Mundial de Ciudades Sostenibles.<\/span><\/p><p class=\"MsoNoSpacing\" style=\"text-align:justify\"><span style=\"font-size:12.0pt;,sans-serif;color:#212121\">Este 6\u00b0 Foro Global Ciudades Sostenibles tiene como objetivo difundir programas de \u00e9xito, iniciativas y pol\u00edticas p\u00fablicas que tengan un alto impacto positivo en las ciudades de Iberoam\u00e9rica, con el prop\u00f3sito de mejorar el desempe\u00f1o de los gobiernos. <\/span><\/p><p class=\"MsoNoSpacing\" style=\"text-align:justify\"><span style=\"font-size:12.0pt;,sans-serif;color:#212121\">En C\u00f3rdoba, el Gobierno Municipal del Presidente Juan Mart\u00ednez Flores, ha sido el primero en alinear su Plan Municipal de Desarrollo a los objetivos de la Agenda 2030 de la ONU y propone pol\u00edticas p\u00fablicas innovadoras para lograr el renacimiento de su municipio.<\/span><\/p><p class=\"MsoNoSpacing\" style=\"text-align:justify\"><span style=\"font-size:12.0pt;,sans-serif;color:#212121\">Ahora opera en la administraci\u00f3n municipal de C\u00f3rdoba una \u00e1rea que atiende la Agenda 2030 que plantea 17 objetivos con 169 metas de car\u00e1cter integrado e indivisible que abarcan las esferas econ\u00f3micas, sociales y ambientales; y que tambi\u00e9n busca alianzas centradas, especialmente en las necesidades de los m\u00e1s pobres y vulnerables.<\/span><\/p><p class=\"MsoNoSpacing\" style=\"text-align:justify\"><span style=\"font-size:12.0pt;,sans-serif;color:#212121\">Este 6\u00b0 Foro tambi\u00e9n propicia el encuentro entre nuevos aliados en proyectos internacionales, para el desarrollo de los municipios y regiones. <\/span><\/p><p class=\"MsoNoSpacing\" style=\"text-align:justify\"><span style=\"font-size:12.0pt;,sans-serif;color:#212121\">El alcalde Juan Mart\u00ednez participar\u00e1 hasta el viernes 26 en sesiones de intercambio de proyectos con Presidentes Municipales y Gobernadores, as\u00ed como tambi\u00e9n conferencias con 17 panelistas internacionales.<\/span><\/p><p class=\"MsoNoSpacing\" style=\"text-align:justify\"><span style=\"font-size:12.0pt;,sans-serif;color:#212121\">Se trata tambi\u00e9n de ubicar a C\u00f3rdoba, Veracruz en el centro de la atenci\u00f3n nacional e internacional en la aplicaci\u00f3n de la Agenda 2030 para el Desarrollo Sostenible y generar inter\u00e9s en inversiones tanto p\u00fablicas como privadas.<\/span><\/p> <\/p>\n","protected":false},"excerpt":{"rendered":"<p>Par\u00eds, Francia.- El Presidente Municipal, Juan Mart\u00ednez Flores, participa en el 6\u00ba Foro Global Ciudades Sostenibles \u00abAgenda 2030\u00bb, plataforma mundial que re\u00fane a expertos en innovaci\u00f3n en diferentes \u00e1reas de desarrollo municipal con gobernadores, alcaldes y servidores p\u00fablicos de Iberoam\u00e9rica, provenientes de 15 pa\u00edses. El Presidente Municipal de C\u00f3rdoba, Veracruz, tambi\u00e9n rindi\u00f3 protesta como Embajador [&hellip;]<\/p>\n","protected":false},"author":4,"featured_media":5456,"comment_status":"open","ping_status":"open","sticky":false,"template":"","format":"standard","meta":{"tdm_status":"","tdm_grid_status":"","footnotes":""},"categories":[10],"tags":[],"class_list":["post-5477","post","type-post","status-publish","format-standard","has-post-thumbnail","category-local-regional"],"_links":{"self":[{"href":"https:\/\/elrotativo.com.mx\/portal\/wp-json\/wp\/v2\/posts\/5477","targetHints":{"allow":["GET"]}}],"collection":[{"href":"https:\/\/elrotativo.com.mx\/portal\/wp-json\/wp\/v2\/posts"}],"about":[{"href":"https:\/\/elrotativo.com.mx\/portal\/wp-json\/wp\/v2\/types\/post"}],"author":[{"embeddable":true,"href":"https:\/\/elrotativo.com.mx\/portal\/wp-json\/wp\/v2\/users\/4"}],"replies":[{"embeddable":true,"href":"https:\/\/elrotativo.com.mx\/portal\/wp-json\/wp\/v2\/comments?post=5477"}],"version-history":[{"count":1,"href":"https:\/\/elrotativo.com.mx\/portal\/wp-json\/wp\/v2\/posts\/5477\/revisions"}],"predecessor-version":[{"id":5478,"href":"https:\/\/elrotativo.com.mx\/portal\/wp-json\/wp\/v2\/posts\/5477\/revisions\/5478"}],"wp:featuredmedia":[{"embeddable":true,"href":"https:\/\/elrotativo.com.mx\/portal\/wp-json\/wp\/v2\/media\/5456"}],"wp:attachment":[{"href":"https:\/\/elrotativo.com.mx\/portal\/wp-json\/wp\/v2\/media?parent=5477"}],"wp:term":[{"taxonomy":"category","embeddable":true,"href":"https:\/\/elrotativo.com.mx\/portal\/wp-json\/wp\/v2\/categories?post=5477"},{"taxonomy":"post_tag","embeddable":true,"href":"https:\/\/elrotativo.com.mx\/portal\/wp-json\/wp\/v2\/tags?post=5477"}],"curies":[{"name":"wp","href":"https:\/\/api.w.org\/{rel}","templated":true}]}}