{"id":5471,"date":"2022-08-25T00:42:57","date_gmt":"2022-08-25T05:42:57","guid":{"rendered":"https:\/\/elrotativo.mx\/portal\/?p=5471"},"modified":"2022-08-25T00:42:59","modified_gmt":"2022-08-25T05:42:59","slug":"realizaran-baile-en-nogales-para-festejar-al-adulto-mayor","status":"publish","type":"post","link":"https:\/\/elrotativo.com.mx\/portal\/realizaran-baile-en-nogales-para-festejar-al-adulto-mayor\/","title":{"rendered":"Realizar\u00e1n baile en Nogales, para festejar al adulto mayor"},"content":{"rendered":"\n<p class=\"wp-block-paragraph\">Nogales, Veracruz.- El director del sistema municipal para el desarrollo integral de la familia (DIF), Abraham Misael Santiago Mendoza, anunci\u00f3 que para consentir a las personas de la tercera edad y promover su respeto, inclusi\u00f3n y buen trato, lo festejar\u00e1n con un bailongo en el auditorio del Palacio de Nogales el pr\u00f3ximo 26 de agosto.<\/p>\n\n\n\n<p class=\"wp-block-paragraph\">Agreg\u00f3 que gracias al apoyo del alcalde Ernesto Torres Navarro e integrantes del cabildo es como se realiza la fiesta del adulto mayor, quienes pueden acudir a las oficinas del DIF Municipal en la antigua estaci\u00f3n del ferrocarril y la extensi\u00f3n DIF del Encinar para obtener sus boletos.<\/p>\n\n\n\n<p class=\"wp-block-paragraph\">Destac\u00f3 que es un reconocimiento a las personas de 60 a\u00f1os y m\u00e1s para que convivan y pasen momentos de alegr\u00eda durante la tardeada que inicia a las 4 de la tarde en el auditorio municipal.<\/p>\n\n\n\n<p class=\"wp-block-paragraph\">Coment\u00f3 que bailando la m\u00fasica de su juventud recuerdan la historia de su vida, a sus hijos y nietos y eso es motivo de mucha alegr\u00eda, as\u00ed que invitan a los abuelos y abuelas a disfrutar de tan merecido festejo.<\/p>\n\n\n\n<p class=\"wp-block-paragraph\">\u201cLa m\u00fasica y el baile favorece la interacci\u00f3n social y el bienestar f\u00edsico y mental, a trav\u00e9s de \u00e9ste evento se aumenta la esperanza de vida de los adultos mayores de Nogales\u201d, apunt\u00f3.<\/p>\n","protected":false},"excerpt":{"rendered":"<p>Nogales, Veracruz.- El director del sistema municipal para el desarrollo integral de la familia (DIF), Abraham Misael Santiago Mendoza, anunci\u00f3 que para consentir a las personas de la tercera edad y promover su respeto, inclusi\u00f3n y buen trato, lo festejar\u00e1n con un bailongo en el auditorio del Palacio de Nogales el pr\u00f3ximo 26 de agosto. [&hellip;]<\/p>\n","protected":false},"author":4,"featured_media":5457,"comment_status":"open","ping_status":"open","sticky":false,"template":"","format":"standard","meta":{"tdm_status":"","tdm_grid_status":"","footnotes":""},"categories":[10],"tags":[],"class_list":["post-5471","post","type-post","status-publish","format-standard","has-post-thumbnail","category-local-regional"],"_links":{"self":[{"href":"https:\/\/elrotativo.com.mx\/portal\/wp-json\/wp\/v2\/posts\/5471","targetHints":{"allow":["GET"]}}],"collection":[{"href":"https:\/\/elrotativo.com.mx\/portal\/wp-json\/wp\/v2\/posts"}],"about":[{"href":"https:\/\/elrotativo.com.mx\/portal\/wp-json\/wp\/v2\/types\/post"}],"author":[{"embeddable":true,"href":"https:\/\/elrotativo.com.mx\/portal\/wp-json\/wp\/v2\/users\/4"}],"replies":[{"embeddable":true,"href":"https:\/\/elrotativo.com.mx\/portal\/wp-json\/wp\/v2\/comments?post=5471"}],"version-history":[{"count":1,"href":"https:\/\/elrotativo.com.mx\/portal\/wp-json\/wp\/v2\/posts\/5471\/revisions"}],"predecessor-version":[{"id":5472,"href":"https:\/\/elrotativo.com.mx\/portal\/wp-json\/wp\/v2\/posts\/5471\/revisions\/5472"}],"wp:featuredmedia":[{"embeddable":true,"href":"https:\/\/elrotativo.com.mx\/portal\/wp-json\/wp\/v2\/media\/5457"}],"wp:attachment":[{"href":"https:\/\/elrotativo.com.mx\/portal\/wp-json\/wp\/v2\/media?parent=5471"}],"wp:term":[{"taxonomy":"category","embeddable":true,"href":"https:\/\/elrotativo.com.mx\/portal\/wp-json\/wp\/v2\/categories?post=5471"},{"taxonomy":"post_tag","embeddable":true,"href":"https:\/\/elrotativo.com.mx\/portal\/wp-json\/wp\/v2\/tags?post=5471"}],"curies":[{"name":"wp","href":"https:\/\/api.w.org\/{rel}","templated":true}]}}