{"id":5469,"date":"2022-08-25T00:39:28","date_gmt":"2022-08-25T05:39:28","guid":{"rendered":"https:\/\/elrotativo.mx\/portal\/?p=5469"},"modified":"2022-08-25T00:39:30","modified_gmt":"2022-08-25T05:39:30","slug":"no-hay-trabajo-de-fondo-en-el-ivm","status":"publish","type":"post","link":"https:\/\/elrotativo.com.mx\/portal\/no-hay-trabajo-de-fondo-en-el-ivm\/","title":{"rendered":"No hay trabajo de fondo en el IVM"},"content":{"rendered":"\n<p class=\"wp-block-paragraph\">Orizaba, ver.- Ante las diferentes carencias en la atenci\u00f3n a las problem\u00e1ticas de violencia que enfrentan las mujeres, es urgente que el Gobernador Cuitl\u00e1huac Garc\u00eda Jim\u00e9nez, atienda las necesidades del Instituto Veracruzano de las Mujeres (IVM), asegur\u00f3 la coordinadora de la agrupaci\u00f3n Kalli Luz Marina, Lizzet Hern\u00e1ndez Cruz.<\/p>\n\n\n\n<p class=\"wp-block-paragraph\">En entrevista, detall\u00f3 que es necesario que se reconozcan las estad\u00edsticas actuales sobre la violencia de g\u00e9nero que hay en el estado para que desde el IVM y los institutos Municipales de la Mujer (IMM) se establezcan las medias necesarias para erradicar estos problemas, pues aunque hay voluntad en algunos casos, hacen falta un trabajo de fondo de parte de las autoridades estatales.<\/p>\n\n\n\n<p class=\"wp-block-paragraph\">\u201cEl &nbsp;Instituto Veracruzano de las Mujeres viene arrastrando de la anterior, &nbsp;pero en esta administraci\u00f3n la verdad es que no hay como tal un trabajo de fondo que se est\u00e1 haciendo para prevenir y atender la violencia contra las mujeres, por lo tanto si en el nivel estatal no existes esa coordinaci\u00f3n y no existen las iniciativas necesarias ni siquiera la presupuestaci\u00f3n necesaria para atender, &nbsp;tampoco en los municipales\u201d.<\/p>\n\n\n\n<p class=\"wp-block-paragraph\">Lament\u00f3 que en ocasiones los cargos en los IMM son entregados s\u00f3lo como \u201cfavores y deudas pol\u00edticas\u201d&nbsp; las encargadas no tienen ni el perfil necesario y aun cuando en ocasiones las titulares tienen voluntad, les falta preparaci\u00f3n.<\/p>\n\n\n\n<p class=\"wp-block-paragraph\">\u201cMuchas veces nos damos cuenta que las personas encargadas de los institutos municipales no tiene el perfil, m\u00e1s bien este tema de acuerdo pol\u00edtico, por el apoyo a la campa\u00f1a y luego cuando si hay el perfil cuando tienen iniciativas estas compa\u00f1eras las bloquean dentro de los ayuntamientos, entonces es muy complicado\u201d.<\/p>\n\n\n\n<p class=\"wp-block-paragraph\">Explic\u00f3 que la organizaci\u00f3n a la que pertenece atiende a mujeres de 10 municipios de la zona serrana de Zongolica y en ellos se nota que no hay preparaci\u00f3n pero hay voluntad, aunque el trabajo se ve limitado por la falta de apoyo de las autoridades municipales.<\/p>\n\n\n\n<p class=\"wp-block-paragraph\">\u201cNo cumplen, eso s\u00ed lo vamos a recalcar muchas de ellas tienen iniciativa y tienen muchas ganas de hacer cosas, pero no tiene la preparaci\u00f3n, ni tampoco tienen en este caso el apoyo total del alcalde, o muchas veces incluso del DIF porque como que son en este caso se manejan casi casi que DIF es parte del Instituto de las Mujeres y el Instituto de las Mujeres parte del DIF y entonces no hay el apoyo suficiente\u201d.<\/p>\n\n\n\n<p class=\"wp-block-paragraph\">Reiter\u00f3 que si desde el Gobierno del Estado no se le da la importancia a este trabajo, es dif\u00edcil avanzar en el tema de la erradicaci\u00f3n de la violencia y tal pareciera que el IVM est\u00e1 fuera de las prioridades de las autoridades.<\/p>\n\n\n\n<p class=\"wp-block-paragraph\">\u201cEl tema de &nbsp;presupuesto tampoco se tiene el presupuesto necesario para que las mujeres puedan atender las problem\u00e1ticas de las mujeres dentro de sus municipios es un problema bastante fuerte. Creo que esto obedece m\u00e1s a que el gobernador pueda tomar acciones verdaderas suficientes en torno&nbsp; a atender al IIV, que ha sido a quien no ha nombrado hasta ahora, que no ha habido como el espacio, ni el tiempo, ni el inter\u00e9s suficiente para fortalecer este espacio que es important\u00edsimo para fortalecer la pol\u00edtica p\u00fablica del estado relacionado a las mujeres\u201d.<\/p>\n\n\n\n<p class=\"wp-block-paragraph\">Para finalizar destac\u00f3 la importancia de tener estad\u00edsticas reales que no se oculten para conocer bien el problema de fondo y atenderlo.<\/p>\n\n\n\n<p class=\"wp-block-paragraph\">\u201cYo creo que ah\u00ed va un poco el tema de que tengamos un poco del conocimiento sobre el tema que no ocultemos a la ciudadan\u00eda las verdaderas cifras de lo que est\u00e1 sucediendo ustedes, sobre todo cuando ustedes como prensa van y documentan feminicidios, ataques con violencia extrema en contra de mujeres, entonces yo creo que la invisibilidad la problem\u00e1tica no hace que no exista y sobre si es necesario que renuncie la encargad de despacho, m\u00e1s bien creo que es importante que la compa\u00f1era aparte de que pueda tener una postura objetiva sobre el tema tambi\u00e9n pueda tener iniciativas para erradicarla\u201d.<\/p>\n","protected":false},"excerpt":{"rendered":"<p>Orizaba, ver.- Ante las diferentes carencias en la atenci\u00f3n a las problem\u00e1ticas de violencia que enfrentan las mujeres, es urgente que el Gobernador Cuitl\u00e1huac Garc\u00eda Jim\u00e9nez, atienda las necesidades del Instituto Veracruzano de las Mujeres (IVM), asegur\u00f3 la coordinadora de la agrupaci\u00f3n Kalli Luz Marina, Lizzet Hern\u00e1ndez Cruz. En entrevista, detall\u00f3 que es necesario que [&hellip;]<\/p>\n","protected":false},"author":4,"featured_media":5452,"comment_status":"open","ping_status":"open","sticky":false,"template":"","format":"standard","meta":{"tdm_status":"","tdm_grid_status":"","footnotes":""},"categories":[26],"tags":[],"class_list":["post-5469","post","type-post","status-publish","format-standard","has-post-thumbnail","category-destacada-4"],"_links":{"self":[{"href":"https:\/\/elrotativo.com.mx\/portal\/wp-json\/wp\/v2\/posts\/5469","targetHints":{"allow":["GET"]}}],"collection":[{"href":"https:\/\/elrotativo.com.mx\/portal\/wp-json\/wp\/v2\/posts"}],"about":[{"href":"https:\/\/elrotativo.com.mx\/portal\/wp-json\/wp\/v2\/types\/post"}],"author":[{"embeddable":true,"href":"https:\/\/elrotativo.com.mx\/portal\/wp-json\/wp\/v2\/users\/4"}],"replies":[{"embeddable":true,"href":"https:\/\/elrotativo.com.mx\/portal\/wp-json\/wp\/v2\/comments?post=5469"}],"version-history":[{"count":1,"href":"https:\/\/elrotativo.com.mx\/portal\/wp-json\/wp\/v2\/posts\/5469\/revisions"}],"predecessor-version":[{"id":5470,"href":"https:\/\/elrotativo.com.mx\/portal\/wp-json\/wp\/v2\/posts\/5469\/revisions\/5470"}],"wp:featuredmedia":[{"embeddable":true,"href":"https:\/\/elrotativo.com.mx\/portal\/wp-json\/wp\/v2\/media\/5452"}],"wp:attachment":[{"href":"https:\/\/elrotativo.com.mx\/portal\/wp-json\/wp\/v2\/media?parent=5469"}],"wp:term":[{"taxonomy":"category","embeddable":true,"href":"https:\/\/elrotativo.com.mx\/portal\/wp-json\/wp\/v2\/categories?post=5469"},{"taxonomy":"post_tag","embeddable":true,"href":"https:\/\/elrotativo.com.mx\/portal\/wp-json\/wp\/v2\/tags?post=5469"}],"curies":[{"name":"wp","href":"https:\/\/api.w.org\/{rel}","templated":true}]}}