{"id":5451,"date":"2022-08-25T00:28:06","date_gmt":"2022-08-25T05:28:06","guid":{"rendered":"https:\/\/elrotativo.mx\/portal\/?p=5451"},"modified":"2022-08-25T00:28:08","modified_gmt":"2022-08-25T05:28:08","slug":"urge-que-sala-de-juicios-orales-de-zongolica-cuente-con-antena-de-internet","status":"publish","type":"post","link":"https:\/\/elrotativo.com.mx\/portal\/urge-que-sala-de-juicios-orales-de-zongolica-cuente-con-antena-de-internet\/","title":{"rendered":"Urge que Sala de Juicios Orales de Zongolica cuente con antena de internet"},"content":{"rendered":"\n<p class=\"wp-block-paragraph\">Orizaba, Ver.- Adem\u00e1s de las carencias que muestra la Sala de Juicios Orales en el distrito de Zongolica en cuanto al personal, la falta de infraestructura adecuada tambi\u00e9n hace que no haya una atenci\u00f3n pronta y expedita a las situaciones que mujeres acuden a denunciar en casos de violencia de g\u00e9nero, lament\u00f3 la activista y defensora de los derechos de las mujeres &nbsp;Mar\u00eda L\u00f3pez de la Rica.<\/p>\n\n\n\n<p class=\"wp-block-paragraph\">En entrevista detall\u00f3 que la zona es susceptible a la ca\u00edda de las redes de telecomunicaciones incluido el internet, por lo que al ser una constante que impide que en ocasiones se lleven a cabo las audiencias ante la falta de esta se\u00f1al, la Fiscal\u00eda ya deber\u00eda contemplar la instalaci\u00f3n de una antena para tener comunicaci\u00f3n constate.<\/p>\n\n\n\n<p class=\"wp-block-paragraph\">\u201cEl problema que nos dimos cuenta es que la Sala de Juicios no tiene una l\u00ednea de internet no tiene una antena, el d\u00eda que iba a empezar una audiencia se hab\u00eda ido el internet, la se\u00f1al en todo Zongolica y eran las 9:00 de la ma\u00f1ana y se ten\u00edan que esperar porque no ten\u00edan y si me llama la atenci\u00f3n como en una Sala de audiencias el Gobierno no tiene una antena propia para tener su se\u00f1al y que no sucedan estas cosas y pueda desarrollar normalmente sus tareas si me parece grave que no tengan hay una antena\u201d.<\/p>\n\n\n\n<p class=\"wp-block-paragraph\">Agreg\u00f3 que las instalaciones f\u00edsicas tambi\u00e9n tienen carencias, en donde quienes acuden deben esperar por largas horas, incluso a la intemperie, lo que de alguna manera impide que quienes ya tomaron la decisi\u00f3n de denunciar agresiones de las que han sido objeto contin\u00fae con los tr\u00e1mites<\/p>\n\n\n\n<p class=\"wp-block-paragraph\">\u201cEst\u00e1n a la intemperie nosotros quisi\u00e9ramos, sentimos que es necesario que en espacio que hay ah\u00ed pusieran un techo de l\u00e1mina para cobijarte del sol y de la lluvia\u201d.<\/p>\n\n\n\n<p class=\"wp-block-paragraph\">De igual manera dijo que las personas tienen que viajar grandes tramos o incluso hasta horas pues en este lugar se atienden a las mujeres de diferentes municipios de la sierra y no les permiten el uso de los sanitarios.<\/p>\n\n\n\n<p class=\"wp-block-paragraph\">\u201cA veces nos dicen los polic\u00edas que no son ba\u00f1os p\u00fablicos y hay una situaci\u00f3n en d\u00f3nde est\u00e1 la sala de juicios no s\u00e9 si este exprofeso para que la gente no se quede ah\u00ed esperando a haciendo ruido n la espera de reivindicar sus derechos\u201d.<\/p>\n\n\n\n<p class=\"wp-block-paragraph\">Detall\u00f3 que a pesar de que han denunciado las carencias, el Gobierno del Estado no ha puesto atenci\u00f3n a las m\u00faltiples fallas que han en esta oficina.<\/p>\n\n\n\n<p class=\"wp-block-paragraph\">\u201cEn audiencia en el caso del feminicidio de Nancy denunciamos y ya han pasado 2 meses y para el Gobierno en 2 meses no es ni 1 segundo\u201d.<\/p>\n\n\n\n<p class=\"wp-block-paragraph\">\u201cCreo que necesitamos a trav\u00e9s de los medios denunciar este tipo de cosas yo creo que urge que hagan un techado para los familiares por dignidad a las personas que est\u00e1n ah\u00ed, que van a acompa\u00f1ar al familiar que esta solo que no saben que sentencia van a dar y que cuando salga no es bueno que salga y&nbsp; no tiene a nadie\u201d.<\/p>\n","protected":false},"excerpt":{"rendered":"<p>Orizaba, Ver.- Adem\u00e1s de las carencias que muestra la Sala de Juicios Orales en el distrito de Zongolica en cuanto al personal, la falta de infraestructura adecuada tambi\u00e9n hace que no haya una atenci\u00f3n pronta y expedita a las situaciones que mujeres acuden a denunciar en casos de violencia de g\u00e9nero, lament\u00f3 la activista y [&hellip;]<\/p>\n","protected":false},"author":4,"featured_media":5453,"comment_status":"open","ping_status":"open","sticky":false,"template":"","format":"standard","meta":{"tdm_status":"","tdm_grid_status":"","footnotes":""},"categories":[26],"tags":[],"class_list":["post-5451","post","type-post","status-publish","format-standard","has-post-thumbnail","category-destacada-4"],"_links":{"self":[{"href":"https:\/\/elrotativo.com.mx\/portal\/wp-json\/wp\/v2\/posts\/5451","targetHints":{"allow":["GET"]}}],"collection":[{"href":"https:\/\/elrotativo.com.mx\/portal\/wp-json\/wp\/v2\/posts"}],"about":[{"href":"https:\/\/elrotativo.com.mx\/portal\/wp-json\/wp\/v2\/types\/post"}],"author":[{"embeddable":true,"href":"https:\/\/elrotativo.com.mx\/portal\/wp-json\/wp\/v2\/users\/4"}],"replies":[{"embeddable":true,"href":"https:\/\/elrotativo.com.mx\/portal\/wp-json\/wp\/v2\/comments?post=5451"}],"version-history":[{"count":1,"href":"https:\/\/elrotativo.com.mx\/portal\/wp-json\/wp\/v2\/posts\/5451\/revisions"}],"predecessor-version":[{"id":5466,"href":"https:\/\/elrotativo.com.mx\/portal\/wp-json\/wp\/v2\/posts\/5451\/revisions\/5466"}],"wp:featuredmedia":[{"embeddable":true,"href":"https:\/\/elrotativo.com.mx\/portal\/wp-json\/wp\/v2\/media\/5453"}],"wp:attachment":[{"href":"https:\/\/elrotativo.com.mx\/portal\/wp-json\/wp\/v2\/media?parent=5451"}],"wp:term":[{"taxonomy":"category","embeddable":true,"href":"https:\/\/elrotativo.com.mx\/portal\/wp-json\/wp\/v2\/categories?post=5451"},{"taxonomy":"post_tag","embeddable":true,"href":"https:\/\/elrotativo.com.mx\/portal\/wp-json\/wp\/v2\/tags?post=5451"}],"curies":[{"name":"wp","href":"https:\/\/api.w.org\/{rel}","templated":true}]}}