{"id":5438,"date":"2022-08-24T00:22:04","date_gmt":"2022-08-24T05:22:04","guid":{"rendered":"https:\/\/elrotativo.mx\/portal\/?p=5438"},"modified":"2022-08-24T00:22:06","modified_gmt":"2022-08-24T05:22:06","slug":"operan-en-la-region-orizaba-cordoba-60-aulas-hibridas-de-la-uv","status":"publish","type":"post","link":"https:\/\/elrotativo.com.mx\/portal\/operan-en-la-region-orizaba-cordoba-60-aulas-hibridas-de-la-uv\/","title":{"rendered":"Operan en la regi\u00f3n Orizaba-C\u00f3rdoba, 60 aulas h\u00edbridas de la UV"},"content":{"rendered":"\n<p class=\"wp-block-paragraph\">Orizaba, Ver.- Como una nueva forma de trabajar desde lo virtual, lo presencial y la bi-modalidad despu\u00e9s de la pandemia, la Universidad Veracruzana en la zona Orizaba-C\u00f3rdoba instal\u00f3 60 aulas h\u00edbridas que servir\u00e1n para los procesos de ense\u00f1anza-aprendizaje en este ciclo escolar 2022-2023.<\/p>\n\n\n\n<p class=\"wp-block-paragraph\">De acuerdo con las autoridades universitarias estos espacios fueron equipados en diferentes facultades de esta regi\u00f3n donde esta casa de estudios tiene presencia, con lo que se convierte en una de las universidades p\u00fablicas del pa\u00eds que m\u00e1s ha avanzado en este rubro tecnol\u00f3gico.<\/p>\n\n\n\n<p class=\"wp-block-paragraph\">Para ello se invirtieron 125 millones 19 mil 232 pesos en la instalaci\u00f3n de la infraestructura universitaria, en donde se vieron involucradas las secretar\u00edas Acad\u00e9mica, la Secretar\u00eda de Desarrollo Institucional y la Secretar\u00eda de Administraci\u00f3n y Finanzas.<\/p>\n\n\n\n<p class=\"wp-block-paragraph\">Fue a trav\u00e9s de la Licitaci\u00f3n P\u00fablica Nacional UV-LPN-010-21, relativa a la contrataci\u00f3n del \u201csuministro, instalaci\u00f3n, configuraci\u00f3n, capacitaci\u00f3n y puesta en funcionamiento de aulas h\u00edbridas\u201d mediante la modalidad de contrato abierto, la UV inici\u00f3 el proceso de la integraci\u00f3n de las aulas h\u00edbridas.<\/p>\n\n\n\n<p class=\"wp-block-paragraph\">En la licitaci\u00f3n se promovi\u00f3 la venta de bases por un importe de dos mil pesos, siendo la junta de aclaraciones el 1 de diciembre y la presentaci\u00f3n y apertura de proposiciones el 8 del mismo mes.<\/p>\n\n\n\n<p class=\"wp-block-paragraph\">Cada uno de estos espacios detona los aprendizajes en los estudiantes empleando una variedad de medios y recursos donde se establece principalmente la interacci\u00f3n entre ellos y sus docentes, se ponen en pr\u00e1ctica contenidos tem\u00e1ticos, estrategias de ense\u00f1anza y aprendizaje, y recursos did\u00e1cticos apuntalados sobre la infraestructura institucional f\u00edsica y digital.<\/p>\n\n\n\n<p class=\"wp-block-paragraph\">Este tipo de aulas permiten ampliar el tiempo y espacio donde se lleva a cabo la educaci\u00f3n; proporcionan la posibilidad de utilizar diferentes m\u00e9todos de ense\u00f1anza y aprendizaje; fomentan la autonom\u00eda en el aprendizaje de los estudiantes; refuerzan los conocimientos al ofrecer un aprendizaje activo y significativo; promueven la interacci\u00f3n estudiante-estudiante; permiten el uso de diversas herramientas digitales para el logro de aprendizajes.<\/p>\n","protected":false},"excerpt":{"rendered":"<p>Orizaba, Ver.- Como una nueva forma de trabajar desde lo virtual, lo presencial y la bi-modalidad despu\u00e9s de la pandemia, la Universidad Veracruzana en la zona Orizaba-C\u00f3rdoba instal\u00f3 60 aulas h\u00edbridas que servir\u00e1n para los procesos de ense\u00f1anza-aprendizaje en este ciclo escolar 2022-2023. De acuerdo con las autoridades universitarias estos espacios fueron equipados en diferentes [&hellip;]<\/p>\n","protected":false},"author":4,"featured_media":5400,"comment_status":"open","ping_status":"open","sticky":false,"template":"","format":"standard","meta":{"tdm_status":"","tdm_grid_status":"","footnotes":""},"categories":[10],"tags":[],"class_list":["post-5438","post","type-post","status-publish","format-standard","has-post-thumbnail","category-local-regional"],"_links":{"self":[{"href":"https:\/\/elrotativo.com.mx\/portal\/wp-json\/wp\/v2\/posts\/5438","targetHints":{"allow":["GET"]}}],"collection":[{"href":"https:\/\/elrotativo.com.mx\/portal\/wp-json\/wp\/v2\/posts"}],"about":[{"href":"https:\/\/elrotativo.com.mx\/portal\/wp-json\/wp\/v2\/types\/post"}],"author":[{"embeddable":true,"href":"https:\/\/elrotativo.com.mx\/portal\/wp-json\/wp\/v2\/users\/4"}],"replies":[{"embeddable":true,"href":"https:\/\/elrotativo.com.mx\/portal\/wp-json\/wp\/v2\/comments?post=5438"}],"version-history":[{"count":1,"href":"https:\/\/elrotativo.com.mx\/portal\/wp-json\/wp\/v2\/posts\/5438\/revisions"}],"predecessor-version":[{"id":5439,"href":"https:\/\/elrotativo.com.mx\/portal\/wp-json\/wp\/v2\/posts\/5438\/revisions\/5439"}],"wp:featuredmedia":[{"embeddable":true,"href":"https:\/\/elrotativo.com.mx\/portal\/wp-json\/wp\/v2\/media\/5400"}],"wp:attachment":[{"href":"https:\/\/elrotativo.com.mx\/portal\/wp-json\/wp\/v2\/media?parent=5438"}],"wp:term":[{"taxonomy":"category","embeddable":true,"href":"https:\/\/elrotativo.com.mx\/portal\/wp-json\/wp\/v2\/categories?post=5438"},{"taxonomy":"post_tag","embeddable":true,"href":"https:\/\/elrotativo.com.mx\/portal\/wp-json\/wp\/v2\/tags?post=5438"}],"curies":[{"name":"wp","href":"https:\/\/api.w.org\/{rel}","templated":true}]}}