{"id":4955,"date":"2022-08-12T02:13:47","date_gmt":"2022-08-12T07:13:47","guid":{"rendered":"https:\/\/elrotativo.mx\/portal\/?p=4955"},"modified":"2022-08-12T02:13:49","modified_gmt":"2022-08-12T07:13:49","slug":"lamentable-la-sumision-de-diputados-y-regidores-de-oposicion","status":"publish","type":"post","link":"https:\/\/elrotativo.com.mx\/portal\/lamentable-la-sumision-de-diputados-y-regidores-de-oposicion\/","title":{"rendered":"Lamentable la sumisi\u00f3n de diputados y regidores de oposici\u00f3n"},"content":{"rendered":"\n<p class=\"wp-block-paragraph\"><strong>*AOS cuestiona la exigencia de la realizaci\u00f3n de la obra p\u00fablica<\/strong><\/p>\n\n\n\n<p class=\"wp-block-paragraph\">Orizaba, Ver.- El dirigente estatal de la Alianza de Organizaciones Sociales (AOS), Carlos Le\u00f3n Mart\u00ednez lament\u00f3 la sumisi\u00f3n en la que han ca\u00eddo los diputados locales y regidores de oposici\u00f3n que han permitido que en el estado y ayuntamientos se registre el subejercicio y no se haga obra p\u00fablica.<\/p>\n\n\n\n<p class=\"wp-block-paragraph\">En entrevista critic\u00f3 el trabajo que han realizado los diputados, y particularmente los de oposici\u00f3n, porque son quienes tienen que exigir la realizaci\u00f3n de obra social, pero al estar Morena en el poder es avasallante y no s\u00f3lo existe un subejercicio, sino que adem\u00e1s est\u00e1n realizando sus leyes a modo.&nbsp;<\/p>\n\n\n\n<p class=\"wp-block-paragraph\">Record\u00f3 que anteriormente el dinero para obras sociales, era ejercido por las verdaderas organizaciones sociales, pero ahora que el Gobierno Federal nos tacha de \u201cladrones nosotros fuimos los verdaderos l\u00edderes sociales y fuimos la \u00fanica oposici\u00f3n durante a\u00f1os\u201d a\u00f1adi\u00f3.&nbsp;<\/p>\n\n\n\n<p class=\"wp-block-paragraph\">Le\u00f3n Mart\u00ednez, reconoci\u00f3 que ese dinero no puede ser regresado \u00edntegramente debido a que la obra social se necesita m\u00e1s en la regi\u00f3n y como ejemplo cit\u00f3 al municipio de Orizaba, una administraci\u00f3n que \u00fanicamente se ha dedicado a realizar obras de relumbr\u00f3n y no atender la verdadera obra social.&nbsp;<\/p>\n\n\n\n<p class=\"wp-block-paragraph\">En referencia a la Ley Nahle, expuso: \u201ces una ley a modo para que esta se\u00f1ora Roc\u00edo Nahle, quede como candidata de Morena a Gobernadora de Veracruz, e hicieron su elecci\u00f3n al mejor estilo priista\u201d.<\/p>\n\n\n\n<p class=\"wp-block-paragraph\">Por \u00faltimo, destac\u00f3 que es obligaci\u00f3n de los ayuntamientos ejecutar su presupuesto en materia de obra p\u00fablica, porque son aut\u00f3nomos y as\u00ed lo establece el art\u00edculo 115 Constitucional, \u201cpero para exigir hay que tener la cola muy corta y en esta regi\u00f3n, la mayor\u00eda tiene una larga cola\u201d.<\/p>\n","protected":false},"excerpt":{"rendered":"<p>*AOS cuestiona la exigencia de la realizaci\u00f3n de la obra p\u00fablica Orizaba, Ver.- El dirigente estatal de la Alianza de Organizaciones Sociales (AOS), Carlos Le\u00f3n Mart\u00ednez lament\u00f3 la sumisi\u00f3n en la que han ca\u00eddo los diputados locales y regidores de oposici\u00f3n que han permitido que en el estado y ayuntamientos se registre el subejercicio y [&hellip;]<\/p>\n","protected":false},"author":4,"featured_media":4927,"comment_status":"open","ping_status":"open","sticky":false,"template":"","format":"standard","meta":{"tdm_status":"","tdm_grid_status":"","footnotes":""},"categories":[10],"tags":[],"class_list":["post-4955","post","type-post","status-publish","format-standard","has-post-thumbnail","category-local-regional"],"_links":{"self":[{"href":"https:\/\/elrotativo.com.mx\/portal\/wp-json\/wp\/v2\/posts\/4955","targetHints":{"allow":["GET"]}}],"collection":[{"href":"https:\/\/elrotativo.com.mx\/portal\/wp-json\/wp\/v2\/posts"}],"about":[{"href":"https:\/\/elrotativo.com.mx\/portal\/wp-json\/wp\/v2\/types\/post"}],"author":[{"embeddable":true,"href":"https:\/\/elrotativo.com.mx\/portal\/wp-json\/wp\/v2\/users\/4"}],"replies":[{"embeddable":true,"href":"https:\/\/elrotativo.com.mx\/portal\/wp-json\/wp\/v2\/comments?post=4955"}],"version-history":[{"count":1,"href":"https:\/\/elrotativo.com.mx\/portal\/wp-json\/wp\/v2\/posts\/4955\/revisions"}],"predecessor-version":[{"id":4956,"href":"https:\/\/elrotativo.com.mx\/portal\/wp-json\/wp\/v2\/posts\/4955\/revisions\/4956"}],"wp:featuredmedia":[{"embeddable":true,"href":"https:\/\/elrotativo.com.mx\/portal\/wp-json\/wp\/v2\/media\/4927"}],"wp:attachment":[{"href":"https:\/\/elrotativo.com.mx\/portal\/wp-json\/wp\/v2\/media?parent=4955"}],"wp:term":[{"taxonomy":"category","embeddable":true,"href":"https:\/\/elrotativo.com.mx\/portal\/wp-json\/wp\/v2\/categories?post=4955"},{"taxonomy":"post_tag","embeddable":true,"href":"https:\/\/elrotativo.com.mx\/portal\/wp-json\/wp\/v2\/tags?post=4955"}],"curies":[{"name":"wp","href":"https:\/\/api.w.org\/{rel}","templated":true}]}}