{"id":4951,"date":"2022-08-12T02:12:36","date_gmt":"2022-08-12T07:12:36","guid":{"rendered":"https:\/\/elrotativo.mx\/portal\/?p=4951"},"modified":"2022-08-12T02:12:38","modified_gmt":"2022-08-12T07:12:38","slug":"uma-de-orizaba-sin-capacidad-para-mas-felinos","status":"publish","type":"post","link":"https:\/\/elrotativo.com.mx\/portal\/uma-de-orizaba-sin-capacidad-para-mas-felinos\/","title":{"rendered":"UMA de Orizaba sin capacidad para m\u00e1s felinos"},"content":{"rendered":"\n<p class=\"wp-block-paragraph\">Orizaba, Ver.- La Unidad de Manejo Ambiental (UMA) de Orizaba ya no podr\u00e1 recibir m\u00e1s felinos del santuario del Ajusco, esto debido a las tres cr\u00edas de le\u00f3n que nacieron en el Paseo del R\u00edo Orizaba, indic\u00f3 la encargada de la UMA, Mayra de la Vega Aduna.<\/p>\n\n\n\n<p class=\"wp-block-paragraph\">\u201cTenemos, como dice el alcalde, una cantidad suficiente de leones, tigres, tenemos cr\u00edas que van a crecer, creemos que tenemos ya una cantidad suficiente\u201d.<\/p>\n\n\n\n<p class=\"wp-block-paragraph\">Es m\u00e1s, consider\u00f3 que las actuales jaulas tendr\u00e1n que ampliarse o ver que pueden hacer, pues las cr\u00edas van a crecer.<\/p>\n\n\n\n<p class=\"wp-block-paragraph\">Dijo que los felinos del santuario tienen muchos problemas de salud y se les podr\u00eda poyar, pero el espacio en Orizaba ya no es suficiente y si no se tendr\u00e1 ese cuidado con los tigres y leones, no tendr\u00eda caso tenerlos.<\/p>\n\n\n\n<p class=\"wp-block-paragraph\">En cuanto al tigre que se trajo del santuario, indic\u00f3 que a\u00fan presenta problemas de salud y bajo peso pero al menos se ve tranquilo.<\/p>\n\n\n\n<p class=\"wp-block-paragraph\">Indic\u00f3 que a futuro se le piensa unir con otra tigresa con la que actualmente comparte una jaula dividida.<\/p>\n","protected":false},"excerpt":{"rendered":"<p>Orizaba, Ver.- La Unidad de Manejo Ambiental (UMA) de Orizaba ya no podr\u00e1 recibir m\u00e1s felinos del santuario del Ajusco, esto debido a las tres cr\u00edas de le\u00f3n que nacieron en el Paseo del R\u00edo Orizaba, indic\u00f3 la encargada de la UMA, Mayra de la Vega Aduna. \u201cTenemos, como dice el alcalde, una cantidad suficiente [&hellip;]<\/p>\n","protected":false},"author":4,"featured_media":4953,"comment_status":"open","ping_status":"open","sticky":false,"template":"","format":"standard","meta":{"tdm_status":"","tdm_grid_status":"","footnotes":""},"categories":[10],"tags":[],"class_list":["post-4951","post","type-post","status-publish","format-standard","has-post-thumbnail","category-local-regional"],"_links":{"self":[{"href":"https:\/\/elrotativo.com.mx\/portal\/wp-json\/wp\/v2\/posts\/4951","targetHints":{"allow":["GET"]}}],"collection":[{"href":"https:\/\/elrotativo.com.mx\/portal\/wp-json\/wp\/v2\/posts"}],"about":[{"href":"https:\/\/elrotativo.com.mx\/portal\/wp-json\/wp\/v2\/types\/post"}],"author":[{"embeddable":true,"href":"https:\/\/elrotativo.com.mx\/portal\/wp-json\/wp\/v2\/users\/4"}],"replies":[{"embeddable":true,"href":"https:\/\/elrotativo.com.mx\/portal\/wp-json\/wp\/v2\/comments?post=4951"}],"version-history":[{"count":1,"href":"https:\/\/elrotativo.com.mx\/portal\/wp-json\/wp\/v2\/posts\/4951\/revisions"}],"predecessor-version":[{"id":4954,"href":"https:\/\/elrotativo.com.mx\/portal\/wp-json\/wp\/v2\/posts\/4951\/revisions\/4954"}],"wp:featuredmedia":[{"embeddable":true,"href":"https:\/\/elrotativo.com.mx\/portal\/wp-json\/wp\/v2\/media\/4953"}],"wp:attachment":[{"href":"https:\/\/elrotativo.com.mx\/portal\/wp-json\/wp\/v2\/media?parent=4951"}],"wp:term":[{"taxonomy":"category","embeddable":true,"href":"https:\/\/elrotativo.com.mx\/portal\/wp-json\/wp\/v2\/categories?post=4951"},{"taxonomy":"post_tag","embeddable":true,"href":"https:\/\/elrotativo.com.mx\/portal\/wp-json\/wp\/v2\/tags?post=4951"}],"curies":[{"name":"wp","href":"https:\/\/api.w.org\/{rel}","templated":true}]}}