{"id":4917,"date":"2022-08-12T01:44:34","date_gmt":"2022-08-12T06:44:34","guid":{"rendered":"https:\/\/elrotativo.mx\/portal\/?p=4917"},"modified":"2022-08-12T01:44:36","modified_gmt":"2022-08-12T06:44:36","slug":"listos-stands-en-nogales-para-laguna-beer-fest-2022","status":"publish","type":"post","link":"https:\/\/elrotativo.com.mx\/portal\/listos-stands-en-nogales-para-laguna-beer-fest-2022\/","title":{"rendered":"Listos stands en Nogales, para Laguna Beer Fest 2022"},"content":{"rendered":"\n<p class=\"wp-block-paragraph\">Nogales, Ver.- Quedaron listos los stands en el Velario de la Laguna de Nogales para el \u201cBeer Fest 2022\u201d que inicia \u00e9ste viernes 12 y concluye el 14 de agosto, con la participaci\u00f3n de expositores de cerveza artesanal de la zona centro de Veracruz.<\/p>\n\n\n\n<p class=\"wp-block-paragraph\">El director de Gobernaci\u00f3n Blas Palestino Vilchis, refiri\u00f3 que por indicaciones del presidente municipal Ernesto Torres Navarro se organiz\u00f3 la log\u00edstica para recibir a los miles de visitantes que disfrutar\u00e1n de los grupos musicales y cantantes de renombre nacional que participan en el Festival de la Cerveza.<\/p>\n\n\n\n<p class=\"wp-block-paragraph\">Arranca la diversi\u00f3n con la presentaci\u00f3n de Jorge Guevara, ex vocalista del grupo Elefante, el s\u00e1bado animar\u00e1 la fiesta el DJ Luis Alvarado, creador del tema The Musik y el domingo, baile con El Gran Show.<\/p>\n\n\n\n<p class=\"wp-block-paragraph\">Los visitantes, adem\u00e1s podr\u00e1n disfrutar de la rica y exquisita gastronom\u00eda que Nogales Veracruz ofrece con olores y sabores de antojitos mexicanos preparados por manos de mujeres emprendedoras.<\/p>\n\n\n\n<p class=\"wp-block-paragraph\">Palestino Vilchis, reiter\u00f3 la invitaci\u00f3n &nbsp;para las familias veracruzanas que disfrutar\u00e1n de la m\u00fasica de bandas de rock, sonideros y grupos musicales, donde los espect\u00e1culos son totalmente gratuitos.<\/p>\n\n\n\n<p class=\"wp-block-paragraph\">El gobierno municipal de Nogales, dise\u00f1\u00f3 para el evento, un operativo vial y de Seguridad P\u00fablica, con el respaldo de la polic\u00eda municipal y estatal para mantener el orden los d\u00edas en que se realiza el Festival de la Cerveza en la Laguna.<\/p>\n","protected":false},"excerpt":{"rendered":"<p>Nogales, Ver.- Quedaron listos los stands en el Velario de la Laguna de Nogales para el \u201cBeer Fest 2022\u201d que inicia \u00e9ste viernes 12 y concluye el 14 de agosto, con la participaci\u00f3n de expositores de cerveza artesanal de la zona centro de Veracruz. El director de Gobernaci\u00f3n Blas Palestino Vilchis, refiri\u00f3 que por indicaciones [&hellip;]<\/p>\n","protected":false},"author":4,"featured_media":4918,"comment_status":"open","ping_status":"open","sticky":false,"template":"","format":"standard","meta":{"tdm_status":"","tdm_grid_status":"","footnotes":""},"categories":[10],"tags":[],"class_list":["post-4917","post","type-post","status-publish","format-standard","has-post-thumbnail","category-local-regional"],"_links":{"self":[{"href":"https:\/\/elrotativo.com.mx\/portal\/wp-json\/wp\/v2\/posts\/4917","targetHints":{"allow":["GET"]}}],"collection":[{"href":"https:\/\/elrotativo.com.mx\/portal\/wp-json\/wp\/v2\/posts"}],"about":[{"href":"https:\/\/elrotativo.com.mx\/portal\/wp-json\/wp\/v2\/types\/post"}],"author":[{"embeddable":true,"href":"https:\/\/elrotativo.com.mx\/portal\/wp-json\/wp\/v2\/users\/4"}],"replies":[{"embeddable":true,"href":"https:\/\/elrotativo.com.mx\/portal\/wp-json\/wp\/v2\/comments?post=4917"}],"version-history":[{"count":1,"href":"https:\/\/elrotativo.com.mx\/portal\/wp-json\/wp\/v2\/posts\/4917\/revisions"}],"predecessor-version":[{"id":4922,"href":"https:\/\/elrotativo.com.mx\/portal\/wp-json\/wp\/v2\/posts\/4917\/revisions\/4922"}],"wp:featuredmedia":[{"embeddable":true,"href":"https:\/\/elrotativo.com.mx\/portal\/wp-json\/wp\/v2\/media\/4918"}],"wp:attachment":[{"href":"https:\/\/elrotativo.com.mx\/portal\/wp-json\/wp\/v2\/media?parent=4917"}],"wp:term":[{"taxonomy":"category","embeddable":true,"href":"https:\/\/elrotativo.com.mx\/portal\/wp-json\/wp\/v2\/categories?post=4917"},{"taxonomy":"post_tag","embeddable":true,"href":"https:\/\/elrotativo.com.mx\/portal\/wp-json\/wp\/v2\/tags?post=4917"}],"curies":[{"name":"wp","href":"https:\/\/api.w.org\/{rel}","templated":true}]}}