{"id":4913,"date":"2022-08-11T08:49:17","date_gmt":"2022-08-11T13:49:17","guid":{"rendered":"https:\/\/elrotativo.mx\/portal\/?p=4913"},"modified":"2022-08-11T08:49:18","modified_gmt":"2022-08-11T13:49:18","slug":"no-es-militarizacion-que-gn-se-adhiera-a-sedena","status":"publish","type":"post","link":"https:\/\/elrotativo.com.mx\/portal\/no-es-militarizacion-que-gn-se-adhiera-a-sedena\/","title":{"rendered":"No es militarizaci\u00f3n que GN se adhiera a Sedena"},"content":{"rendered":"\n<p class=\"wp-block-paragraph\">Ciudad Mendoza, Ver.- Que la Guardia Nacional se adhiera a la Sedena no implica una militarizaci\u00f3n del pa\u00eds, asegur\u00f3 el mandatario de Veracruz, Cuitl\u00e1huac Garc\u00eda Jim\u00e9nez.<\/p>\n\n\n\n<p class=\"wp-block-paragraph\">Luego declarar que como Gobierno de Veracruz se respalda la propuesta del presidente de la Rep\u00fablica, Andr\u00e9s Manuel L\u00f3pez Obrador, explic\u00f3 que \u201cel jefe supremo de la Sedena es civil, adem\u00e1s de que la Guardia Nacional se supedita a las Mesas de Construcci\u00f3n de la Paz, donde las presidimos los gobernadores, que somos civiles, no va a quedar en una militarizaci\u00f3n del pa\u00eds, queda en manos civiles\u201d.<\/p>\n\n\n\n<p class=\"wp-block-paragraph\">Es por eso que se\u00f1al\u00f3 que a nombre del estado de Veracruz, apoya la decisi\u00f3n del Ejecutivo Federal de que el mando est\u00e9 a cargo de la Sedena, pues dijo los militares dependen de un civil que es el Presidente de la Rep\u00fablica, por lo que no se habla de una militarizaci\u00f3n del pa\u00eds.<\/p>\n\n\n\n<p class=\"wp-block-paragraph\">\u201cNosotros respaldamos, lo hago con toda responsabilidad y viendo precisamente el tema de seguridad, nosotros respaldamos, el Gobierno de Veracruz respalda la decisi\u00f3n del presidente de la Rep\u00fablica al enviar esta iniciativa para que la Guardia Nacional se mantenga bajo un mando de la Sedena o coordinado con la Sedena porque recordemos que el jefe supremo de la Sedena es civil, es el presidente de la Rep\u00fablica y es un civil y adem\u00e1s hay que agregar que la Guardia Nacional se expedita a las mesas de construcci\u00f3n de la paz donde las presidimos los gobernadores que somos civiles, es decir, no va a quedar en una militarizaci\u00f3n del pa\u00eds, queda en manos civiles las decisiones de seguridad\u201d.<\/p>\n","protected":false},"excerpt":{"rendered":"<p>Ciudad Mendoza, Ver.- Que la Guardia Nacional se adhiera a la Sedena no implica una militarizaci\u00f3n del pa\u00eds, asegur\u00f3 el mandatario de Veracruz, Cuitl\u00e1huac Garc\u00eda Jim\u00e9nez. Luego declarar que como Gobierno de Veracruz se respalda la propuesta del presidente de la Rep\u00fablica, Andr\u00e9s Manuel L\u00f3pez Obrador, explic\u00f3 que \u201cel jefe supremo de la Sedena es [&hellip;]<\/p>\n","protected":false},"author":4,"featured_media":4840,"comment_status":"open","ping_status":"open","sticky":false,"template":"","format":"standard","meta":{"tdm_status":"","tdm_grid_status":"","footnotes":""},"categories":[10],"tags":[],"class_list":["post-4913","post","type-post","status-publish","format-standard","has-post-thumbnail","category-local-regional"],"_links":{"self":[{"href":"https:\/\/elrotativo.com.mx\/portal\/wp-json\/wp\/v2\/posts\/4913","targetHints":{"allow":["GET"]}}],"collection":[{"href":"https:\/\/elrotativo.com.mx\/portal\/wp-json\/wp\/v2\/posts"}],"about":[{"href":"https:\/\/elrotativo.com.mx\/portal\/wp-json\/wp\/v2\/types\/post"}],"author":[{"embeddable":true,"href":"https:\/\/elrotativo.com.mx\/portal\/wp-json\/wp\/v2\/users\/4"}],"replies":[{"embeddable":true,"href":"https:\/\/elrotativo.com.mx\/portal\/wp-json\/wp\/v2\/comments?post=4913"}],"version-history":[{"count":1,"href":"https:\/\/elrotativo.com.mx\/portal\/wp-json\/wp\/v2\/posts\/4913\/revisions"}],"predecessor-version":[{"id":4914,"href":"https:\/\/elrotativo.com.mx\/portal\/wp-json\/wp\/v2\/posts\/4913\/revisions\/4914"}],"wp:featuredmedia":[{"embeddable":true,"href":"https:\/\/elrotativo.com.mx\/portal\/wp-json\/wp\/v2\/media\/4840"}],"wp:attachment":[{"href":"https:\/\/elrotativo.com.mx\/portal\/wp-json\/wp\/v2\/media?parent=4913"}],"wp:term":[{"taxonomy":"category","embeddable":true,"href":"https:\/\/elrotativo.com.mx\/portal\/wp-json\/wp\/v2\/categories?post=4913"},{"taxonomy":"post_tag","embeddable":true,"href":"https:\/\/elrotativo.com.mx\/portal\/wp-json\/wp\/v2\/tags?post=4913"}],"curies":[{"name":"wp","href":"https:\/\/api.w.org\/{rel}","templated":true}]}}