{"id":4911,"date":"2022-08-11T08:47:11","date_gmt":"2022-08-11T13:47:11","guid":{"rendered":"https:\/\/elrotativo.mx\/portal\/?p=4911"},"modified":"2022-08-11T08:47:13","modified_gmt":"2022-08-11T13:47:13","slug":"piden-cesar-la-violencia-en-el-pais","status":"publish","type":"post","link":"https:\/\/elrotativo.com.mx\/portal\/piden-cesar-la-violencia-en-el-pais\/","title":{"rendered":"Piden cesar la violencia en el pa\u00eds"},"content":{"rendered":"\n<p class=\"wp-block-paragraph\">Orizaba, Ver.- Evang\u00e9licos y cat\u00f3licos exigieron se ponga fin a tanta violencia en M\u00e9xico y exhortaron a que se mejoren las pol\u00edticas p\u00fablicas por parte de autoridades civiles en los niveles de gobierno para garantizar la paz y la seguridad en la naci\u00f3n.<\/p>\n\n\n\n<p class=\"wp-block-paragraph\">A trav\u00e9s de un comunicado, la Conferencia del Episcopado Mexicano, inform\u00f3 que los l\u00edderes religiosos mantienen la esperanza de que es posible cambiar esta realidad como fruto de la reconciliaci\u00f3n con uno mismo, con Dios y con el pr\u00f3jimo.<\/p>\n\n\n\n<p class=\"wp-block-paragraph\">Dejaron en claro que es necesaria, la implementaci\u00f3n de mejores pol\u00edticas p\u00fablicas por parte de las autoridades civiles, en todos los niveles de gobierno, quienes tienen la responsabilidad primaria de garantizar la paz y la seguridad en la naci\u00f3n.<\/p>\n\n\n\n<p class=\"wp-block-paragraph\">\u201cHoy decimos juntos: paz y bien para M\u00e9xico son posibles, lo queremos y necesitamos, lo oramos y trabajamos, lo exigimos y esperamos, con la firme certeza en el Dios que nos brinda este don como prenda de su amor\u201d.<\/p>\n\n\n\n<p class=\"wp-block-paragraph\">Los ministros habr\u00e1n de realizar acciones para abonar a la paz, pues en M\u00e9xico sigue habiendo mucho dolor en los ciudadanos que han perdido seres queridos por asesinatos, desapariciones, feminicidios, trata y explotaci\u00f3n de personas.<\/p>\n\n\n\n<p class=\"wp-block-paragraph\">\u201cManifestamos que nadie debe vivir en este clima de violencia cotidiana. Despu\u00e9s de un discernimiento com\u00fan, vemos con claridad la voluntad del Se\u00f1or que nos mueve a contribuir con las siguientes acciones en la construcci\u00f3n de paz: orar de manera permanente por la paz en M\u00e9xico, invitando a todas las personas, cualquiera que sea su credo, a sumarse a esta iniciativa\u201d.<\/p>\n\n\n\n<p class=\"wp-block-paragraph\">Asimismo hacer conciencia en las comunidades que la paz es un don de Dios, &nbsp;que se recibe y se trabaja, afirmando el valor de toda vida humana como sagrada, pues a nadie le es l\u00edcito privar de la vida y de la libertad a un semejante.<\/p>\n\n\n\n<p class=\"wp-block-paragraph\">Tambi\u00e9n da a conocer que se mantendr\u00e1n &nbsp;unidos a trav\u00e9s del di\u00e1logo, fortaleciendo la colaboraci\u00f3n y acci\u00f3n com\u00fan entre sus iglesias.<\/p>\n\n\n\n<p class=\"wp-block-paragraph\">\u201cExhortar conjuntamente a las autoridades a encontrar mejores y m\u00e1s eficaces estrategias de seguridad ciudadana que garanticen la paz social, los derechos y las libertades fundamentales. Trabajar en favor de todas las formas de justicia, solidaridad y amor al pr\u00f3jimo\u201d.<\/p>\n","protected":false},"excerpt":{"rendered":"<p>Orizaba, Ver.- Evang\u00e9licos y cat\u00f3licos exigieron se ponga fin a tanta violencia en M\u00e9xico y exhortaron a que se mejoren las pol\u00edticas p\u00fablicas por parte de autoridades civiles en los niveles de gobierno para garantizar la paz y la seguridad en la naci\u00f3n. A trav\u00e9s de un comunicado, la Conferencia del Episcopado Mexicano, inform\u00f3 que [&hellip;]<\/p>\n","protected":false},"author":4,"featured_media":4671,"comment_status":"open","ping_status":"open","sticky":false,"template":"","format":"standard","meta":{"tdm_status":"","tdm_grid_status":"","footnotes":""},"categories":[10],"tags":[],"class_list":["post-4911","post","type-post","status-publish","format-standard","has-post-thumbnail","category-local-regional"],"_links":{"self":[{"href":"https:\/\/elrotativo.com.mx\/portal\/wp-json\/wp\/v2\/posts\/4911","targetHints":{"allow":["GET"]}}],"collection":[{"href":"https:\/\/elrotativo.com.mx\/portal\/wp-json\/wp\/v2\/posts"}],"about":[{"href":"https:\/\/elrotativo.com.mx\/portal\/wp-json\/wp\/v2\/types\/post"}],"author":[{"embeddable":true,"href":"https:\/\/elrotativo.com.mx\/portal\/wp-json\/wp\/v2\/users\/4"}],"replies":[{"embeddable":true,"href":"https:\/\/elrotativo.com.mx\/portal\/wp-json\/wp\/v2\/comments?post=4911"}],"version-history":[{"count":1,"href":"https:\/\/elrotativo.com.mx\/portal\/wp-json\/wp\/v2\/posts\/4911\/revisions"}],"predecessor-version":[{"id":4912,"href":"https:\/\/elrotativo.com.mx\/portal\/wp-json\/wp\/v2\/posts\/4911\/revisions\/4912"}],"wp:featuredmedia":[{"embeddable":true,"href":"https:\/\/elrotativo.com.mx\/portal\/wp-json\/wp\/v2\/media\/4671"}],"wp:attachment":[{"href":"https:\/\/elrotativo.com.mx\/portal\/wp-json\/wp\/v2\/media?parent=4911"}],"wp:term":[{"taxonomy":"category","embeddable":true,"href":"https:\/\/elrotativo.com.mx\/portal\/wp-json\/wp\/v2\/categories?post=4911"},{"taxonomy":"post_tag","embeddable":true,"href":"https:\/\/elrotativo.com.mx\/portal\/wp-json\/wp\/v2\/tags?post=4911"}],"curies":[{"name":"wp","href":"https:\/\/api.w.org\/{rel}","templated":true}]}}