{"id":4907,"date":"2022-08-11T08:42:10","date_gmt":"2022-08-11T13:42:10","guid":{"rendered":"https:\/\/elrotativo.mx\/portal\/?p=4907"},"modified":"2022-08-11T08:42:11","modified_gmt":"2022-08-11T13:42:11","slug":"dice-fiscal-que-no-hay-tantas-desapariciones","status":"publish","type":"post","link":"https:\/\/elrotativo.com.mx\/portal\/dice-fiscal-que-no-hay-tantas-desapariciones\/","title":{"rendered":"Dice Fiscal que no hay tantas desapariciones"},"content":{"rendered":"\n<p class=\"wp-block-paragraph\">Ciudad Mendoza, Ver.- A pesar de que las fichas de b\u00fasqueda de personas no localizadas se han incrementado de manera considerable en los \u00faltimos meses de acuerdo con las denuncias de los colectivos de b\u00fasqueda de personas desaparecidas y de la Propia Comisi\u00f3n Estatal de B\u00fasqueda, la fiscal general del estado, Ver\u00f3nica Hern\u00e1ndez Giad\u00e1ns, asegur\u00f3 que la Fiscal\u00eda se est\u00e1 transformando y que los resultados saltan a la vista.<\/p>\n\n\n\n<p class=\"wp-block-paragraph\">Entrevistada a su salida de la reuni\u00f3n de seguridad llevada a cabo en el municipio de Camerino Z Mendoza y al ser cuestionada sobre las desapariciones en estado y la zona centro, declar\u00f3 por en\u00e9sima ocasi\u00f3n que \u00fanicamente se habla de las personas no localizadas, pero no de las personas que se han localizado.<\/p>\n\n\n\n<p class=\"wp-block-paragraph\">\u201cTodo se est\u00e1 trabajando con los protocolos qu\u00e9 amerita, en total coordinaci\u00f3n con la Comisi\u00f3n Estatal de B\u00fasqueda y con los colectivos. Se habla solamente de las desapariciones y a la par hay gente que ha sido localizada\u201d.<\/p>\n\n\n\n<p class=\"wp-block-paragraph\">Asegur\u00f3 que la Fiscal\u00eda a su cargo trabaja en perfecta coordinaci\u00f3n con la Comisi\u00f3n Estatal de B\u00fasqueda y los Colectivos de B\u00fasqueda, en la aplicaci\u00f3n de los protocolos adecuados.<\/p>\n\n\n\n<p class=\"wp-block-paragraph\">En el mismo sentido, asegur\u00f3 que hay resultados importantes en la identificaci\u00f3n y an\u00e1lisis de los cuerpos localizados en fosas clandestinas, contrario a lo que han denunciado las integrantes del Colectivo de B\u00fasqueda de Familias de Desaparecidos Orizaba-C\u00f3rdoba y el colectivo \u201cUnidas por Amor a Nuestros Desaparecidos C\u00f3rdoba\u201d quienes aseguran los trabajos de la Unidad Integral de Servicios M\u00e9dicos Forenses en Nogales es ineficiente, pues a varios a\u00f1os de haber encontrado cuerpos de las fosas clandestinas de R\u00edo Blanco y a pesar de los indicios como ropa y objetos personales no han podido ser entregados a sus familiares.<\/p>\n\n\n\n<p class=\"wp-block-paragraph\">\u201cPor parte de la Fiscal\u00eda todo lo que corresponde se trabaja con los protocolos adecuados, hay un gran trabajo en materia de b\u00fasqueda, en materia de identificaci\u00f3n de an\u00e1lisis\u201d.<\/p>\n\n\n\n<p class=\"wp-block-paragraph\">Sobre la acumulaci\u00f3n de expedientes de b\u00fasqueda, dijo; \u201cTodo se est\u00e1 trabajando, la Fiscal\u00eda se est\u00e1 transformando, en tema de procuraci\u00f3n de justicia los resultados est\u00e1n a la vista\u201d.<\/p>\n","protected":false},"excerpt":{"rendered":"<p>Ciudad Mendoza, Ver.- A pesar de que las fichas de b\u00fasqueda de personas no localizadas se han incrementado de manera considerable en los \u00faltimos meses de acuerdo con las denuncias de los colectivos de b\u00fasqueda de personas desaparecidas y de la Propia Comisi\u00f3n Estatal de B\u00fasqueda, la fiscal general del estado, Ver\u00f3nica Hern\u00e1ndez Giad\u00e1ns, asegur\u00f3 [&hellip;]<\/p>\n","protected":false},"author":4,"featured_media":4862,"comment_status":"open","ping_status":"open","sticky":false,"template":"","format":"standard","meta":{"tdm_status":"","tdm_grid_status":"","footnotes":""},"categories":[10],"tags":[],"class_list":["post-4907","post","type-post","status-publish","format-standard","has-post-thumbnail","category-local-regional"],"_links":{"self":[{"href":"https:\/\/elrotativo.com.mx\/portal\/wp-json\/wp\/v2\/posts\/4907","targetHints":{"allow":["GET"]}}],"collection":[{"href":"https:\/\/elrotativo.com.mx\/portal\/wp-json\/wp\/v2\/posts"}],"about":[{"href":"https:\/\/elrotativo.com.mx\/portal\/wp-json\/wp\/v2\/types\/post"}],"author":[{"embeddable":true,"href":"https:\/\/elrotativo.com.mx\/portal\/wp-json\/wp\/v2\/users\/4"}],"replies":[{"embeddable":true,"href":"https:\/\/elrotativo.com.mx\/portal\/wp-json\/wp\/v2\/comments?post=4907"}],"version-history":[{"count":1,"href":"https:\/\/elrotativo.com.mx\/portal\/wp-json\/wp\/v2\/posts\/4907\/revisions"}],"predecessor-version":[{"id":4908,"href":"https:\/\/elrotativo.com.mx\/portal\/wp-json\/wp\/v2\/posts\/4907\/revisions\/4908"}],"wp:featuredmedia":[{"embeddable":true,"href":"https:\/\/elrotativo.com.mx\/portal\/wp-json\/wp\/v2\/media\/4862"}],"wp:attachment":[{"href":"https:\/\/elrotativo.com.mx\/portal\/wp-json\/wp\/v2\/media?parent=4907"}],"wp:term":[{"taxonomy":"category","embeddable":true,"href":"https:\/\/elrotativo.com.mx\/portal\/wp-json\/wp\/v2\/categories?post=4907"},{"taxonomy":"post_tag","embeddable":true,"href":"https:\/\/elrotativo.com.mx\/portal\/wp-json\/wp\/v2\/tags?post=4907"}],"curies":[{"name":"wp","href":"https:\/\/api.w.org\/{rel}","templated":true}]}}