{"id":4901,"date":"2022-08-11T08:38:55","date_gmt":"2022-08-11T13:38:55","guid":{"rendered":"https:\/\/elrotativo.mx\/portal\/?p=4901"},"modified":"2022-08-11T08:38:56","modified_gmt":"2022-08-11T13:38:56","slug":"taxistas-de-veracruz-reclaman-al-gobernador-por-indrive-y-uber","status":"publish","type":"post","link":"https:\/\/elrotativo.com.mx\/portal\/taxistas-de-veracruz-reclaman-al-gobernador-por-indrive-y-uber\/","title":{"rendered":"Taxistas de Veracruz reclaman al Gobernador por InDrive y Uber"},"content":{"rendered":"\n<p class=\"wp-block-paragraph\">Ciudad Mendoza, Ver.- Con la exigencia de que el gobernador se ponga hacer su chamba, un taxista de la zona Veracruz-Boca del R\u00edo de nombre Roberto &nbsp;Arciniega demand\u00f3 que no se permita m\u00e1s operar las plataformas de UBER e InDriver.<\/p>\n\n\n\n<p class=\"wp-block-paragraph\">El ruletero se manifest\u00f3 la ma\u00f1ana de este mi\u00e9rcoles en Palacio Municipal de Ciudad Mendoza donde se encontraba el gobernador encabezando la Mesa para la Reconstrucci\u00f3n de la Paz.<\/p>\n\n\n\n<p class=\"wp-block-paragraph\">El ruletero con una cartulina en mano hizo saber que: \u201cEn Veracruz InDriver y Uber le pasan al Gobernador puros huevos #fuera Uber, Huevos 85 pesos por cono\u201d.<\/p>\n\n\n\n<p class=\"wp-block-paragraph\">Dijo que esta inconformidad es para que el Gobernador intervenga en el asunto, derivado a qu\u00e9 son miles los taxistas afectados por estas aplicaciones que adem\u00e1s de que no generan empleo no pagan impuestos.<\/p>\n\n\n\n<p class=\"wp-block-paragraph\">A lo cual expres\u00f3 que las autoridades son completamente omisas a esta situaci\u00f3n y \u00fanicamente se han presentado dos a tres detenciones antes de un proceso electoral o lo en la renovaci\u00f3n de los consejeros de Morena, y es justamente en estas actividades cuando se presentan algunas detenciones.<\/p>\n\n\n\n<p class=\"wp-block-paragraph\">\u201cEst\u00e1n operando sin ning\u00fan tipo de permiso, y sin ning\u00fan tipo de concesi\u00f3n, afectando a los miles de taxistas que nos dedicamos a este oficio durante mucho tiempo. Nosotros tenemos nuestros documentos en regla y sin embargo, el Gobernador y la Secretar\u00eda de Seguridad, no &nbsp;han hecho nada para detener a estos veh\u00edculos o algo para solucionar este problema\u201d.<\/p>\n","protected":false},"excerpt":{"rendered":"<p>Ciudad Mendoza, Ver.- Con la exigencia de que el gobernador se ponga hacer su chamba, un taxista de la zona Veracruz-Boca del R\u00edo de nombre Roberto &nbsp;Arciniega demand\u00f3 que no se permita m\u00e1s operar las plataformas de UBER e InDriver. El ruletero se manifest\u00f3 la ma\u00f1ana de este mi\u00e9rcoles en Palacio Municipal de Ciudad Mendoza [&hellip;]<\/p>\n","protected":false},"author":4,"featured_media":4842,"comment_status":"open","ping_status":"open","sticky":false,"template":"","format":"standard","meta":{"tdm_status":"","tdm_grid_status":"","footnotes":""},"categories":[10],"tags":[],"class_list":["post-4901","post","type-post","status-publish","format-standard","has-post-thumbnail","category-local-regional"],"_links":{"self":[{"href":"https:\/\/elrotativo.com.mx\/portal\/wp-json\/wp\/v2\/posts\/4901","targetHints":{"allow":["GET"]}}],"collection":[{"href":"https:\/\/elrotativo.com.mx\/portal\/wp-json\/wp\/v2\/posts"}],"about":[{"href":"https:\/\/elrotativo.com.mx\/portal\/wp-json\/wp\/v2\/types\/post"}],"author":[{"embeddable":true,"href":"https:\/\/elrotativo.com.mx\/portal\/wp-json\/wp\/v2\/users\/4"}],"replies":[{"embeddable":true,"href":"https:\/\/elrotativo.com.mx\/portal\/wp-json\/wp\/v2\/comments?post=4901"}],"version-history":[{"count":1,"href":"https:\/\/elrotativo.com.mx\/portal\/wp-json\/wp\/v2\/posts\/4901\/revisions"}],"predecessor-version":[{"id":4902,"href":"https:\/\/elrotativo.com.mx\/portal\/wp-json\/wp\/v2\/posts\/4901\/revisions\/4902"}],"wp:featuredmedia":[{"embeddable":true,"href":"https:\/\/elrotativo.com.mx\/portal\/wp-json\/wp\/v2\/media\/4842"}],"wp:attachment":[{"href":"https:\/\/elrotativo.com.mx\/portal\/wp-json\/wp\/v2\/media?parent=4901"}],"wp:term":[{"taxonomy":"category","embeddable":true,"href":"https:\/\/elrotativo.com.mx\/portal\/wp-json\/wp\/v2\/categories?post=4901"},{"taxonomy":"post_tag","embeddable":true,"href":"https:\/\/elrotativo.com.mx\/portal\/wp-json\/wp\/v2\/tags?post=4901"}],"curies":[{"name":"wp","href":"https:\/\/api.w.org\/{rel}","templated":true}]}}