{"id":4898,"date":"2022-08-11T08:37:40","date_gmt":"2022-08-11T13:37:40","guid":{"rendered":"https:\/\/elrotativo.mx\/portal\/?p=4898"},"modified":"2022-08-11T08:37:41","modified_gmt":"2022-08-11T13:37:41","slug":"se-cumple-dos-semanas-sin-servicio-de-elevadores-en-el-hrrb","status":"publish","type":"post","link":"https:\/\/elrotativo.com.mx\/portal\/se-cumple-dos-semanas-sin-servicio-de-elevadores-en-el-hrrb\/","title":{"rendered":"Se cumple dos semanas sin servicio de elevadores en el HRRB"},"content":{"rendered":"\n<p class=\"wp-block-paragraph\">R\u00edo Blanco, Ver.- Desde hace dos semanas, se mantiene la falla en el servicio de elevadores en el Hospital Regional de R\u00edo Blanco (HRRB), debido a esto, los pacientes tienen que lidiar con esto y para acudir a un estudio, deben bajar y subir las escaleras, lo que ponen en grave riesgo su salud.<\/p>\n\n\n\n<p class=\"wp-block-paragraph\">Externaron que es doloroso e inaudito ver a las personas de la tercera edad subiendo con mucha dificultad las escaleras, as\u00ed como a las personas que est\u00e1n luchando contra el c\u00e1ncer que apenas se pueden sostener en pie y subir las escalinatas.<\/p>\n\n\n\n<p class=\"wp-block-paragraph\">Los trabajadores expusieron que el administrador del nosocomio Adri\u00e1n Flores Su\u00e1rez, ha mostrado su indolencia y no ha resuelto el problema que ya tiene 15 d\u00edas.<\/p>\n\n\n\n<p class=\"wp-block-paragraph\">Denunciaron que el administrador est\u00e1 m\u00e1s ocupado atendiendo temas personales y de viaje en Espa\u00f1a en la boda de su hijo, mientras el hospital se cae a pedazos, pues tambi\u00e9n hay goteras, cascadas de agua al interior.<\/p>\n\n\n\n<p class=\"wp-block-paragraph\">\u201cLlevamos dos semanas sin elevador y como personal nos obligan a subir pacientes cargando, subir embarazadas por escaleras y adultos que van a quimioterapias hasta el tercer piso por las escaleras, algunos de ellos van vomitando porque recibieron su quimioterapia, esto no puede seguir as\u00ed\u201d.<\/p>\n\n\n\n<p class=\"wp-block-paragraph\">Asimismo hicieron saber que el desabasto de medicina, de insumos persiste, por lo cual es necesaria la intervenci\u00f3n de la Secretar\u00eda de Salud a nivel Federal para que haga una auditor\u00eda.<\/p>\n","protected":false},"excerpt":{"rendered":"<p>R\u00edo Blanco, Ver.- Desde hace dos semanas, se mantiene la falla en el servicio de elevadores en el Hospital Regional de R\u00edo Blanco (HRRB), debido a esto, los pacientes tienen que lidiar con esto y para acudir a un estudio, deben bajar y subir las escaleras, lo que ponen en grave riesgo su salud. Externaron [&hellip;]<\/p>\n","protected":false},"author":4,"featured_media":4899,"comment_status":"open","ping_status":"open","sticky":false,"template":"","format":"standard","meta":{"tdm_status":"","tdm_grid_status":"","footnotes":""},"categories":[10],"tags":[],"class_list":["post-4898","post","type-post","status-publish","format-standard","has-post-thumbnail","category-local-regional"],"_links":{"self":[{"href":"https:\/\/elrotativo.com.mx\/portal\/wp-json\/wp\/v2\/posts\/4898","targetHints":{"allow":["GET"]}}],"collection":[{"href":"https:\/\/elrotativo.com.mx\/portal\/wp-json\/wp\/v2\/posts"}],"about":[{"href":"https:\/\/elrotativo.com.mx\/portal\/wp-json\/wp\/v2\/types\/post"}],"author":[{"embeddable":true,"href":"https:\/\/elrotativo.com.mx\/portal\/wp-json\/wp\/v2\/users\/4"}],"replies":[{"embeddable":true,"href":"https:\/\/elrotativo.com.mx\/portal\/wp-json\/wp\/v2\/comments?post=4898"}],"version-history":[{"count":1,"href":"https:\/\/elrotativo.com.mx\/portal\/wp-json\/wp\/v2\/posts\/4898\/revisions"}],"predecessor-version":[{"id":4900,"href":"https:\/\/elrotativo.com.mx\/portal\/wp-json\/wp\/v2\/posts\/4898\/revisions\/4900"}],"wp:featuredmedia":[{"embeddable":true,"href":"https:\/\/elrotativo.com.mx\/portal\/wp-json\/wp\/v2\/media\/4899"}],"wp:attachment":[{"href":"https:\/\/elrotativo.com.mx\/portal\/wp-json\/wp\/v2\/media?parent=4898"}],"wp:term":[{"taxonomy":"category","embeddable":true,"href":"https:\/\/elrotativo.com.mx\/portal\/wp-json\/wp\/v2\/categories?post=4898"},{"taxonomy":"post_tag","embeddable":true,"href":"https:\/\/elrotativo.com.mx\/portal\/wp-json\/wp\/v2\/tags?post=4898"}],"curies":[{"name":"wp","href":"https:\/\/api.w.org\/{rel}","templated":true}]}}