{"id":4896,"date":"2022-08-11T00:55:05","date_gmt":"2022-08-11T05:55:05","guid":{"rendered":"https:\/\/elrotativo.mx\/portal\/?p=4896"},"modified":"2022-08-11T00:55:07","modified_gmt":"2022-08-11T05:55:07","slug":"veracruz-septimo-lugar-en-robos-de-camiones","status":"publish","type":"post","link":"https:\/\/elrotativo.com.mx\/portal\/veracruz-septimo-lugar-en-robos-de-camiones\/","title":{"rendered":"Veracruz, s\u00e9ptimo lugar en robos de camiones"},"content":{"rendered":"\n<p class=\"wp-block-paragraph\"><strong>*P\u00e9rdidas ascienden al 0.5 por ciento del PIB: Canacar<\/strong><\/p>\n\n\n\n<p class=\"wp-block-paragraph\">Xalapa, Ver.- Con un total de 270 robos de camiones de carga, el estado de Veracruz se sit\u00faa en s\u00e9ptimo lugar en este delito en lo que va del a\u00f1o, coment\u00f3 Jos\u00e9 Ram\u00f3n Medrano, presidente nacional de la C\u00e1mara Nacional de Autotransporte de Carga (Canacar).<\/p>\n\n\n\n<p class=\"wp-block-paragraph\">\u201cCon un total de 270 incidentes de seguridad patrimonial, tanto del fuero com\u00fan, como del fuero federal, robo al autotransporte el semestre, primer semestre de este a\u00f1o\u201d.<\/p>\n\n\n\n<p class=\"wp-block-paragraph\">Detall\u00f3 que Veracruz aparece en s\u00e9ptimo puesto despu\u00e9s del Estado de M\u00e9xico, Puebla, Guanajuato, Jalisco, Michoac\u00e1n, Quer\u00e9taro y que el costo de lo robado representa el 0.5 por ciento del Producto Interno Bruto del pa\u00eds que son como 92 mil millones de pesos.<\/p>\n\n\n\n<p class=\"wp-block-paragraph\">Cabe destacar que la Asociaci\u00f3n Mexicana de Instituciones de Seguridad (AMIS), ubic\u00f3 al estado de Veracruz en tercer lugar en el periodo de julio de 2021 a junio de 2022.<\/p>\n\n\n\n<p class=\"wp-block-paragraph\">Entrevistado en la convenci\u00f3n de Canacar en Boca del R\u00edo, el empresario transportista, indic\u00f3 que el 85 por ciento de los delitos en carretera tienen que ver con violencia, sin embargo, lamentablemente ven aumento los incidentes con violencia.<\/p>\n\n\n\n<p class=\"wp-block-paragraph\">Los tramos en M\u00e9xico m\u00e1s peligrosos para los transportistas son el libramiento sur de Celaya, la autopista Salamanca, Celaya-P\u00e9njamo, Irapuato-Guanajuato.<\/p>\n\n\n\n<p class=\"wp-block-paragraph\">Tambi\u00e9n el otro corredor de los m\u00e1s peligrosos, son la carretera Orizaba-Veracruz, carretera La Antigua-Veracruz, Sayula de Alem\u00e1n, autopista C\u00f3rdoba-Veracruz.<\/p>\n\n\n\n<p class=\"wp-block-paragraph\">Los delincuentes se roban todo, desde material para construcci\u00f3n, l\u00ednea blanca, refacciones, productos automotrices, electr\u00f3nicos, alimentos, abarrotes, hidrocarburos, medicamentos, material de curaci\u00f3n, ropa, calzado, cart\u00f3n, pl\u00e1stico, qu\u00edmicos, hasta los coches que van arriba de las madrinas.<\/p>\n\n\n\n<p class=\"wp-block-paragraph\">En ese tenor, asever\u00f3 que se requiere de una verdadera acci\u00f3n de inteligencia no s\u00f3lo para evitar los robos, sino para darle seguimiento a la distribuci\u00f3n de las mercanc\u00edas robadas.<\/p>\n","protected":false},"excerpt":{"rendered":"<p>*P\u00e9rdidas ascienden al 0.5 por ciento del PIB: Canacar Xalapa, Ver.- Con un total de 270 robos de camiones de carga, el estado de Veracruz se sit\u00faa en s\u00e9ptimo lugar en este delito en lo que va del a\u00f1o, coment\u00f3 Jos\u00e9 Ram\u00f3n Medrano, presidente nacional de la C\u00e1mara Nacional de Autotransporte de Carga (Canacar). \u201cCon [&hellip;]<\/p>\n","protected":false},"author":4,"featured_media":4853,"comment_status":"open","ping_status":"open","sticky":false,"template":"","format":"standard","meta":{"tdm_status":"","tdm_grid_status":"","footnotes":""},"categories":[26],"tags":[],"class_list":["post-4896","post","type-post","status-publish","format-standard","has-post-thumbnail","category-destacada-4"],"_links":{"self":[{"href":"https:\/\/elrotativo.com.mx\/portal\/wp-json\/wp\/v2\/posts\/4896","targetHints":{"allow":["GET"]}}],"collection":[{"href":"https:\/\/elrotativo.com.mx\/portal\/wp-json\/wp\/v2\/posts"}],"about":[{"href":"https:\/\/elrotativo.com.mx\/portal\/wp-json\/wp\/v2\/types\/post"}],"author":[{"embeddable":true,"href":"https:\/\/elrotativo.com.mx\/portal\/wp-json\/wp\/v2\/users\/4"}],"replies":[{"embeddable":true,"href":"https:\/\/elrotativo.com.mx\/portal\/wp-json\/wp\/v2\/comments?post=4896"}],"version-history":[{"count":1,"href":"https:\/\/elrotativo.com.mx\/portal\/wp-json\/wp\/v2\/posts\/4896\/revisions"}],"predecessor-version":[{"id":4897,"href":"https:\/\/elrotativo.com.mx\/portal\/wp-json\/wp\/v2\/posts\/4896\/revisions\/4897"}],"wp:featuredmedia":[{"embeddable":true,"href":"https:\/\/elrotativo.com.mx\/portal\/wp-json\/wp\/v2\/media\/4853"}],"wp:attachment":[{"href":"https:\/\/elrotativo.com.mx\/portal\/wp-json\/wp\/v2\/media?parent=4896"}],"wp:term":[{"taxonomy":"category","embeddable":true,"href":"https:\/\/elrotativo.com.mx\/portal\/wp-json\/wp\/v2\/categories?post=4896"},{"taxonomy":"post_tag","embeddable":true,"href":"https:\/\/elrotativo.com.mx\/portal\/wp-json\/wp\/v2\/tags?post=4896"}],"curies":[{"name":"wp","href":"https:\/\/api.w.org\/{rel}","templated":true}]}}