{"id":4894,"date":"2022-08-11T00:53:34","date_gmt":"2022-08-11T05:53:34","guid":{"rendered":"https:\/\/elrotativo.mx\/portal\/?p=4894"},"modified":"2022-08-11T00:53:38","modified_gmt":"2022-08-11T05:53:38","slug":"falso-que-robo-en-carreteras-rebase-a-fuerzas-de-seguridad-cuitlahuac-garcia","status":"publish","type":"post","link":"https:\/\/elrotativo.com.mx\/portal\/falso-que-robo-en-carreteras-rebase-a-fuerzas-de-seguridad-cuitlahuac-garcia\/","title":{"rendered":"Falso que robo en carreteras rebase a fuerzas de seguridad: Cuitl\u00e1huac Garc\u00eda"},"content":{"rendered":"\n<p class=\"wp-block-paragraph\">Ciudad Mendoza, Ver.- No han sido rebasadas las fuerzas de seguridad por la delincuencia en carreteras, dijo firme el mandatario de Veracruz, Cuitl\u00e1huac Garc\u00eda Jim\u00e9nez.<\/p>\n\n\n\n<p class=\"wp-block-paragraph\">Cuestionado al respecto, desminti\u00f3 que las c\u00e1maras empresariales se quejen del robo de cargas en carreteras al aseverar que \u00e9stas se encuentran aseguradas, por lo que no representa p\u00e9rdidas para los transportistas.<\/p>\n\n\n\n<p class=\"wp-block-paragraph\">Manifest\u00f3 que en la zona, la GN ha dado resultados en combatir la comisi\u00f3n de hechos constitutivos de delito, esto a pesar de que conductores de tractocamiones se\u00f1alan de manera diaria son presas de robos y asaltos en la autopista Puebla-La Tinaja, tramo que es considerado de los m\u00e1s peligrosos del pa\u00eds. &nbsp;<\/p>\n\n\n\n<p class=\"wp-block-paragraph\">\u201cNo han sido rebasados, al contrario, hemos actuado contra las bandas que han estado operando en esta regi\u00f3n, hemos coordinado los trabajos con Puebla que antes eso no exist\u00eda, no hab\u00eda una mesa donde pudieran coincidir el Gobernador de Puebla y un servidor y GN y ahora que antes era PF, antes ni siquiera exist\u00eda y ahora si con las Mesas de Construcci\u00f3n de la Paz con instrucci\u00f3n del presidente, la Guardia Nacional tiene que estar, es que nosotros realizamos los operativos, pero de que se vea rebasado, eso no es cierto, es exagerar\u201d.<\/p>\n\n\n\n<p class=\"wp-block-paragraph\">De la misma manera, insisti\u00f3 en decir que los transportistas no han expresado sus quejas por el tema de la rapi\u00f1a; \u201cYo les pido que no hay que mentir. El problema es la extorsi\u00f3n y ya tenemos carpeta contra quienes est\u00e1n extorsionando. Recuerden que la carga de los transportistas est\u00e1 asegurada, est\u00e1 asegurada, no hay que mentir. Yo ahorita me voy a reunir con los empresarios, y ninguno me ha tocado ese tema\u201d.<\/p>\n","protected":false},"excerpt":{"rendered":"<p>Ciudad Mendoza, Ver.- No han sido rebasadas las fuerzas de seguridad por la delincuencia en carreteras, dijo firme el mandatario de Veracruz, Cuitl\u00e1huac Garc\u00eda Jim\u00e9nez. Cuestionado al respecto, desminti\u00f3 que las c\u00e1maras empresariales se quejen del robo de cargas en carreteras al aseverar que \u00e9stas se encuentran aseguradas, por lo que no representa p\u00e9rdidas para [&hellip;]<\/p>\n","protected":false},"author":4,"featured_media":4843,"comment_status":"open","ping_status":"open","sticky":false,"template":"","format":"standard","meta":{"tdm_status":"","tdm_grid_status":"","footnotes":""},"categories":[26],"tags":[],"class_list":["post-4894","post","type-post","status-publish","format-standard","has-post-thumbnail","category-destacada-4"],"_links":{"self":[{"href":"https:\/\/elrotativo.com.mx\/portal\/wp-json\/wp\/v2\/posts\/4894","targetHints":{"allow":["GET"]}}],"collection":[{"href":"https:\/\/elrotativo.com.mx\/portal\/wp-json\/wp\/v2\/posts"}],"about":[{"href":"https:\/\/elrotativo.com.mx\/portal\/wp-json\/wp\/v2\/types\/post"}],"author":[{"embeddable":true,"href":"https:\/\/elrotativo.com.mx\/portal\/wp-json\/wp\/v2\/users\/4"}],"replies":[{"embeddable":true,"href":"https:\/\/elrotativo.com.mx\/portal\/wp-json\/wp\/v2\/comments?post=4894"}],"version-history":[{"count":1,"href":"https:\/\/elrotativo.com.mx\/portal\/wp-json\/wp\/v2\/posts\/4894\/revisions"}],"predecessor-version":[{"id":4895,"href":"https:\/\/elrotativo.com.mx\/portal\/wp-json\/wp\/v2\/posts\/4894\/revisions\/4895"}],"wp:featuredmedia":[{"embeddable":true,"href":"https:\/\/elrotativo.com.mx\/portal\/wp-json\/wp\/v2\/media\/4843"}],"wp:attachment":[{"href":"https:\/\/elrotativo.com.mx\/portal\/wp-json\/wp\/v2\/media?parent=4894"}],"wp:term":[{"taxonomy":"category","embeddable":true,"href":"https:\/\/elrotativo.com.mx\/portal\/wp-json\/wp\/v2\/categories?post=4894"},{"taxonomy":"post_tag","embeddable":true,"href":"https:\/\/elrotativo.com.mx\/portal\/wp-json\/wp\/v2\/tags?post=4894"}],"curies":[{"name":"wp","href":"https:\/\/api.w.org\/{rel}","templated":true}]}}