{"id":4890,"date":"2022-08-11T00:50:39","date_gmt":"2022-08-11T05:50:39","guid":{"rendered":"https:\/\/elrotativo.mx\/portal\/?p=4890"},"modified":"2022-08-11T00:50:40","modified_gmt":"2022-08-11T05:50:40","slug":"no-habra-cambios-en-estrategias-de-seguridad-gobernador","status":"publish","type":"post","link":"https:\/\/elrotativo.com.mx\/portal\/no-habra-cambios-en-estrategias-de-seguridad-gobernador\/","title":{"rendered":"No habr\u00e1 cambios en estrategias de seguridad: Gobernador"},"content":{"rendered":"\n<p class=\"wp-block-paragraph\">Ciudad Mendoza, Ver.- Es falso que haya un incremento en materia de inseguridad en el estado, asegur\u00f3 el gobernador de Veracruz, Cuitl\u00e1huac Garc\u00eda Jim\u00e9nez, cuestionado sobre los dichos de la Iglesia.<\/p>\n\n\n\n<p class=\"wp-block-paragraph\">Explic\u00f3 que cuando antes se hablaba de siete homicidios diarios, hoy el promedio es de dos; \u201cno es que no sucedan, pero ya mucho menos y todav\u00eda algo m\u00e1s importante, ya no hay impunidad\u201d.<\/p>\n\n\n\n<p class=\"wp-block-paragraph\">A este respecto, aclar\u00f3 que no habr\u00e1 cambios de estrategias de seguridad, pues la actual ha dado resultados, sobre todo en la detenci\u00f3n de responsables de homicidios.<\/p>\n\n\n\n<p class=\"wp-block-paragraph\">Entrevistado a su salida de la reuni\u00f3n de la mesa de seguridad efectuada este mi\u00e9rcoles en el municipio de Camerino Z Mendoza expuso que en su administraci\u00f3n es donde se ha logrado bajar el n\u00famero de homicidios y secuestros, pero adem\u00e1s asegur\u00f3 que no hay quejas por parte de los empresarios transportistas por temas como la rapi\u00f1a, lo cual asegura no afecta, pues las cargas est\u00e1n aseguradas.<\/p>\n\n\n\n<p class=\"wp-block-paragraph\">El mandatario estatal asegur\u00f3 que las voces que se\u00f1alan que hay un incremento en los delitos como homicidios, asaltos y secuestros, mienten, pues asegura las estad\u00edsticas se\u00f1alan una baja en los indicies delictivos.<\/p>\n\n\n\n<p class=\"wp-block-paragraph\">Agreg\u00f3 que ni el estado ni la zona centro tienen un alza en delitos, esto a pesar de que en d\u00edas pasados fueron abandonados restos humanos en una colonia de la ciudad de Orizaba, fen\u00f3meno que se replica varias veces al mes en los municipios aleda\u00f1os.<\/p>\n\n\n\n<p class=\"wp-block-paragraph\">\u201cYo les pido que no mientan. La situaci\u00f3n no es grave y las estad\u00edsticas dicen lo contrario\u201d.<\/p>\n","protected":false},"excerpt":{"rendered":"<p>Ciudad Mendoza, Ver.- Es falso que haya un incremento en materia de inseguridad en el estado, asegur\u00f3 el gobernador de Veracruz, Cuitl\u00e1huac Garc\u00eda Jim\u00e9nez, cuestionado sobre los dichos de la Iglesia. Explic\u00f3 que cuando antes se hablaba de siete homicidios diarios, hoy el promedio es de dos; \u201cno es que no sucedan, pero ya mucho [&hellip;]<\/p>\n","protected":false},"author":4,"featured_media":4838,"comment_status":"open","ping_status":"open","sticky":false,"template":"","format":"standard","meta":{"tdm_status":"","tdm_grid_status":"","footnotes":""},"categories":[26],"tags":[],"class_list":["post-4890","post","type-post","status-publish","format-standard","has-post-thumbnail","category-destacada-4"],"_links":{"self":[{"href":"https:\/\/elrotativo.com.mx\/portal\/wp-json\/wp\/v2\/posts\/4890","targetHints":{"allow":["GET"]}}],"collection":[{"href":"https:\/\/elrotativo.com.mx\/portal\/wp-json\/wp\/v2\/posts"}],"about":[{"href":"https:\/\/elrotativo.com.mx\/portal\/wp-json\/wp\/v2\/types\/post"}],"author":[{"embeddable":true,"href":"https:\/\/elrotativo.com.mx\/portal\/wp-json\/wp\/v2\/users\/4"}],"replies":[{"embeddable":true,"href":"https:\/\/elrotativo.com.mx\/portal\/wp-json\/wp\/v2\/comments?post=4890"}],"version-history":[{"count":1,"href":"https:\/\/elrotativo.com.mx\/portal\/wp-json\/wp\/v2\/posts\/4890\/revisions"}],"predecessor-version":[{"id":4891,"href":"https:\/\/elrotativo.com.mx\/portal\/wp-json\/wp\/v2\/posts\/4890\/revisions\/4891"}],"wp:featuredmedia":[{"embeddable":true,"href":"https:\/\/elrotativo.com.mx\/portal\/wp-json\/wp\/v2\/media\/4838"}],"wp:attachment":[{"href":"https:\/\/elrotativo.com.mx\/portal\/wp-json\/wp\/v2\/media?parent=4890"}],"wp:term":[{"taxonomy":"category","embeddable":true,"href":"https:\/\/elrotativo.com.mx\/portal\/wp-json\/wp\/v2\/categories?post=4890"},{"taxonomy":"post_tag","embeddable":true,"href":"https:\/\/elrotativo.com.mx\/portal\/wp-json\/wp\/v2\/tags?post=4890"}],"curies":[{"name":"wp","href":"https:\/\/api.w.org\/{rel}","templated":true}]}}