{"id":4888,"date":"2022-08-11T00:48:48","date_gmt":"2022-08-11T05:48:48","guid":{"rendered":"https:\/\/elrotativo.mx\/portal\/?p=4888"},"modified":"2022-08-11T00:48:49","modified_gmt":"2022-08-11T05:48:49","slug":"cuitlahuac-garcia-vive-en-un-estado-diferente-a-veracruz-amotac","status":"publish","type":"post","link":"https:\/\/elrotativo.com.mx\/portal\/cuitlahuac-garcia-vive-en-un-estado-diferente-a-veracruz-amotac\/","title":{"rendered":"Cuitl\u00e1huac Garc\u00eda vive en un estado diferente a Veracruz: Amotac"},"content":{"rendered":"\n<p class=\"wp-block-paragraph\">Orizaba, Ver.- Tras las declaraciones emitidas por el gobernador de que en Veracruz no es tan grave la inseguridad ni el robo en carreteras, el delegado de la Asociaci\u00f3n Mexicana de Organizaciones de Transportistas (Amotac) en la regi\u00f3n de Orizaba, Aldo Romero Lezama consider\u00f3 que Cuitl\u00e1huac Garc\u00eda vive en otro planeta o en sus estados de utop\u00eda.<\/p>\n\n\n\n<p class=\"wp-block-paragraph\">El representante camionero dijo que es preocupante lo que dice el gobernador y eso se debe a dos cosas, la primera que no ponga atenci\u00f3n a lo que est\u00e1 sucediendo en el estado o que su equipo de trabajo, le da estad\u00edsticas falsas\u201d.<\/p>\n\n\n\n<p class=\"wp-block-paragraph\">Este mi\u00e9rcoles, el gobernador Cuitl\u00e1huac Garc\u00eda habl\u00f3 en torno a la inseguridad y la rapi\u00f1a, y asegur\u00f3 que la mercanc\u00eda que transportan est\u00e1 asegurada, alentando que se roben los productos que se trasladan en los camiones.<\/p>\n\n\n\n<p class=\"wp-block-paragraph\">\u201cA veces es risible el saber la opini\u00f3n de nuestras autoridades. No s\u00e9 si viven en otro planeta o en sus estados de utop\u00eda pensando que est\u00e1n haciendo bien las cosas\u201d.<\/p>\n\n\n\n<p class=\"wp-block-paragraph\">Para que conozca la verdadera realidad, el dirigente transportista invit\u00f3 al gobernador a que viaje aunque sea con ellos una vez en un cami\u00f3n de carga, que haga un recorrido desde el Puerto de Veracruz a los l\u00edmites con Puebla o que lo haga desde los l\u00edmites de Puebla hacia Cosamaloapan durante la madrugada, en las horas que son de alto riesgo, para que se d\u00e9 cuenta de lo que sucede, con los delincuentes a \u201csalto de mata\u201d afectando a los operadores.<\/p>\n\n\n\n<p class=\"wp-block-paragraph\">Agreg\u00f3 que los mismos transportistas pueden dar testimonio de la inseguridad grave que se vive en carreteras en todo el pa\u00eds y el estado de Veracruz, con afectaciones por la delincuencia que cada vez va creciendo m\u00e1s.<\/p>\n\n\n\n<p class=\"wp-block-paragraph\">Ante ello, Aldo Romero expres\u00f3: \u201cno s\u00e9 el gobernador Cuitl\u00e1huac a qu\u00e9 estado se refiera, pero lo que es Veracruz, la delincuencia va subiendo cada vez m\u00e1s\u201d.<\/p>\n\n\n\n<p class=\"wp-block-paragraph\">Asimismo hizo la invitaci\u00f3n a todo el equipo de trabajo del gobernador, para que conozcan lo que pasa en las carreteras y que cuando haya un accidente vean en vivo la rapi\u00f1a.<\/p>\n\n\n\n<p class=\"wp-block-paragraph\">\u201cNi el gobernador con toda su autoridad, no podr\u00e1 impedir que se d\u00e9 ese robo, lo cual ocurre a plena luz del d\u00eda sin que nadie haga nada\u201d.<\/p>\n\n\n\n<p class=\"wp-block-paragraph\">Sobre los dichos de Cuitl\u00e1huac que la mercanc\u00eda o carga est\u00e1 asegurada, el delegado de Amotac expuso que tiene raz\u00f3n, pero es todo un viacrucis el que el transportista debe pasar, primero con las aseguradoras, luego con las Fiscal\u00edas, despu\u00e9s de nuevo con las aseguradoras y de ah\u00ed con los due\u00f1os de la carga, que obviamente est\u00e1n esperando que les repongan lo que invirtieron.<\/p>\n","protected":false},"excerpt":{"rendered":"<p>Orizaba, Ver.- Tras las declaraciones emitidas por el gobernador de que en Veracruz no es tan grave la inseguridad ni el robo en carreteras, el delegado de la Asociaci\u00f3n Mexicana de Organizaciones de Transportistas (Amotac) en la regi\u00f3n de Orizaba, Aldo Romero Lezama consider\u00f3 que Cuitl\u00e1huac Garc\u00eda vive en otro planeta o en sus estados [&hellip;]<\/p>\n","protected":false},"author":4,"featured_media":4847,"comment_status":"open","ping_status":"open","sticky":false,"template":"","format":"standard","meta":{"tdm_status":"","tdm_grid_status":"","footnotes":""},"categories":[25],"tags":[],"class_list":["post-4888","post","type-post","status-publish","format-standard","has-post-thumbnail","category-destacada-1"],"_links":{"self":[{"href":"https:\/\/elrotativo.com.mx\/portal\/wp-json\/wp\/v2\/posts\/4888","targetHints":{"allow":["GET"]}}],"collection":[{"href":"https:\/\/elrotativo.com.mx\/portal\/wp-json\/wp\/v2\/posts"}],"about":[{"href":"https:\/\/elrotativo.com.mx\/portal\/wp-json\/wp\/v2\/types\/post"}],"author":[{"embeddable":true,"href":"https:\/\/elrotativo.com.mx\/portal\/wp-json\/wp\/v2\/users\/4"}],"replies":[{"embeddable":true,"href":"https:\/\/elrotativo.com.mx\/portal\/wp-json\/wp\/v2\/comments?post=4888"}],"version-history":[{"count":1,"href":"https:\/\/elrotativo.com.mx\/portal\/wp-json\/wp\/v2\/posts\/4888\/revisions"}],"predecessor-version":[{"id":4889,"href":"https:\/\/elrotativo.com.mx\/portal\/wp-json\/wp\/v2\/posts\/4888\/revisions\/4889"}],"wp:featuredmedia":[{"embeddable":true,"href":"https:\/\/elrotativo.com.mx\/portal\/wp-json\/wp\/v2\/media\/4847"}],"wp:attachment":[{"href":"https:\/\/elrotativo.com.mx\/portal\/wp-json\/wp\/v2\/media?parent=4888"}],"wp:term":[{"taxonomy":"category","embeddable":true,"href":"https:\/\/elrotativo.com.mx\/portal\/wp-json\/wp\/v2\/categories?post=4888"},{"taxonomy":"post_tag","embeddable":true,"href":"https:\/\/elrotativo.com.mx\/portal\/wp-json\/wp\/v2\/tags?post=4888"}],"curies":[{"name":"wp","href":"https:\/\/api.w.org\/{rel}","templated":true}]}}