{"id":4883,"date":"2022-08-11T00:46:17","date_gmt":"2022-08-11T05:46:17","guid":{"rendered":"https:\/\/elrotativo.mx\/portal\/?p=4883"},"modified":"2022-08-11T00:46:19","modified_gmt":"2022-08-11T05:46:19","slug":"llega-al-palacio-municipal-de-nogales-exposicion-manos-veracruzanas","status":"publish","type":"post","link":"https:\/\/elrotativo.com.mx\/portal\/llega-al-palacio-municipal-de-nogales-exposicion-manos-veracruzanas\/","title":{"rendered":"Llega al Palacio Municipal de Nogales, Exposici\u00f3n \u201cManos Veracruzanas\u00bb"},"content":{"rendered":"\n<p class=\"wp-block-paragraph\">Nogales, Ver.- Llega al Palacio Municipal de Nogales la \u201cExposici\u00f3n Manos Veracruzanas 2022\u201d con la participaci\u00f3n de 70 expositores con venta de productos artesanales, antojitos t\u00edpicos y regalos, dio a conocer Ana Gloria Palestino Campos, directora de Fomento al Empleo del Ayuntamiento local.<\/p>\n\n\n\n<p class=\"wp-block-paragraph\">A\u00f1adi\u00f3 que la exposici\u00f3n tiene como objetivo fomentar el comercio local, e impulsar la venta de artesan\u00edas, pinturas, dulces t\u00edpicos, manualidades y bebidas artesanales como los \u201ctoritos\u201d.<\/p>\n\n\n\n<p class=\"wp-block-paragraph\">Antes o despu\u00e9s de visitar el festival de la cerveza, la entrevistada invit\u00f3 a los asistentes para que disfruten de la creatividad de artistas, productores de bebidas, dulces, y dem\u00e1s.<\/p>\n\n\n\n<p class=\"wp-block-paragraph\">Expres\u00f3 que el gobierno municipal que encabeza Ernesto Torres Navarro fomenta e impulsa la creatividad de los emprendedores locales y de las altas monta\u00f1as.<\/p>\n","protected":false},"excerpt":{"rendered":"<p>Nogales, Ver.- Llega al Palacio Municipal de Nogales la \u201cExposici\u00f3n Manos Veracruzanas 2022\u201d con la participaci\u00f3n de 70 expositores con venta de productos artesanales, antojitos t\u00edpicos y regalos, dio a conocer Ana Gloria Palestino Campos, directora de Fomento al Empleo del Ayuntamiento local. A\u00f1adi\u00f3 que la exposici\u00f3n tiene como objetivo fomentar el comercio local, e [&hellip;]<\/p>\n","protected":false},"author":4,"featured_media":4884,"comment_status":"open","ping_status":"open","sticky":false,"template":"","format":"standard","meta":{"tdm_status":"","tdm_grid_status":"","footnotes":""},"categories":[10],"tags":[],"class_list":["post-4883","post","type-post","status-publish","format-standard","has-post-thumbnail","category-local-regional"],"_links":{"self":[{"href":"https:\/\/elrotativo.com.mx\/portal\/wp-json\/wp\/v2\/posts\/4883","targetHints":{"allow":["GET"]}}],"collection":[{"href":"https:\/\/elrotativo.com.mx\/portal\/wp-json\/wp\/v2\/posts"}],"about":[{"href":"https:\/\/elrotativo.com.mx\/portal\/wp-json\/wp\/v2\/types\/post"}],"author":[{"embeddable":true,"href":"https:\/\/elrotativo.com.mx\/portal\/wp-json\/wp\/v2\/users\/4"}],"replies":[{"embeddable":true,"href":"https:\/\/elrotativo.com.mx\/portal\/wp-json\/wp\/v2\/comments?post=4883"}],"version-history":[{"count":1,"href":"https:\/\/elrotativo.com.mx\/portal\/wp-json\/wp\/v2\/posts\/4883\/revisions"}],"predecessor-version":[{"id":4885,"href":"https:\/\/elrotativo.com.mx\/portal\/wp-json\/wp\/v2\/posts\/4883\/revisions\/4885"}],"wp:featuredmedia":[{"embeddable":true,"href":"https:\/\/elrotativo.com.mx\/portal\/wp-json\/wp\/v2\/media\/4884"}],"wp:attachment":[{"href":"https:\/\/elrotativo.com.mx\/portal\/wp-json\/wp\/v2\/media?parent=4883"}],"wp:term":[{"taxonomy":"category","embeddable":true,"href":"https:\/\/elrotativo.com.mx\/portal\/wp-json\/wp\/v2\/categories?post=4883"},{"taxonomy":"post_tag","embeddable":true,"href":"https:\/\/elrotativo.com.mx\/portal\/wp-json\/wp\/v2\/tags?post=4883"}],"curies":[{"name":"wp","href":"https:\/\/api.w.org\/{rel}","templated":true}]}}