{"id":4799,"date":"2022-08-08T23:59:50","date_gmt":"2022-08-09T04:59:50","guid":{"rendered":"https:\/\/elrotativo.mx\/portal\/?p=4799"},"modified":"2022-08-08T23:59:53","modified_gmt":"2022-08-09T04:59:53","slug":"se-violentan-los-ddhh-de-menores-que-viven-con-sus-padres-en-ceresos-uv","status":"publish","type":"post","link":"https:\/\/elrotativo.com.mx\/portal\/se-violentan-los-ddhh-de-menores-que-viven-con-sus-padres-en-ceresos-uv\/","title":{"rendered":"Se violentan los DDHH de menores que viven con sus padres en Ceresos: UV"},"content":{"rendered":"\n<p class=\"wp-block-paragraph\">Orizaba, Ver.- De acuerdo al Censo Nacional del Sistema Penitenciario Federal y Estatales 2021, realizado por el Instituto Nacional de Estad\u00edstica y Geograf\u00eda (Inegi), al cierre de 2020 en el pa\u00eds hab\u00eda 356 mujeres privadas de la libertad en situaci\u00f3n de embarazo y\/o en periodo de lactancia (57.3 por ciento) y 384 que tuvieron consigo a sus hijos menores de seis a\u00f1os.<\/p>\n\n\n\n<p class=\"wp-block-paragraph\">En base a esto, la problem\u00e1tica de los menores que viven con sus padres en los Centros de Reinserci\u00f3n Social (Cereso) es preocupante pues se violentan sus derechos humanos (DDHH) de educaci\u00f3n y salud, de ah\u00ed que Jes\u00fas Alberto P\u00e9rez Garc\u00eda, egresado de la primera generaci\u00f3n de la Maestr\u00eda en Derechos Humanos y Justicia Constitucional (MDHJC) de la Universidad Veracruzana (UV), desarroll\u00f3 un protocolo para la separaci\u00f3n gradual y paulatina de ni\u00f1as y ni\u00f1os que viven con sus madres en los centros penitenciarios de Veracruz.<\/p>\n\n\n\n<p class=\"wp-block-paragraph\">Cabe decir que la Ley Nacional de Ejecuci\u00f3n Penal (LNEP) establece que las hijas e hijos de mujeres\/varones reclusos podr\u00e1n permanecer con ellos hasta que hayan cumplido tres a\u00f1os de edad, aunque el plazo puede ampliarse mediante petici\u00f3n al juez de ejecuci\u00f3n, quien resolver\u00e1 velando el inter\u00e9s superior de la ni\u00f1ez.<\/p>\n\n\n\n<p class=\"wp-block-paragraph\">De acuerdo al Censo Nacional del Sistema Penitenciario Federal y Estatales 2021 se expone que en relaci\u00f3n a los menores que viven en los centros penitenciarios federales y estatales, el censo reporta que a nivel nacional eran 392, el 50.5 por ciento eran ni\u00f1os y el 49.5 por ciento eran ni\u00f1as. Del total, 43.4 por ciento ten\u00edan menos de un a\u00f1o.<\/p>\n\n\n\n<p class=\"wp-block-paragraph\">Se explic\u00f3 que por entidades, el Estado de M\u00e9xico ocupa el primer lugar, con 63 menores que permanecieron con sus madres privadas de la libertad; le siguen la Ciudad de M\u00e9xico con 49; Veracruz con 27; Guerrero con 26; Hidalgo con 25; Tamaulipas con 25 y Jalisco con 20.<\/p>\n\n\n\n<p class=\"wp-block-paragraph\">Al respecto, Jes\u00fas Alberto P\u00e9rez coment\u00f3: \u201cLas dificultades que enfrentan los hijos e hijas de las madres recluidas y ellas mismas son similares, ambos tienen que buscar el respeto a sus DDHH de educaci\u00f3n y salud\u201d.<\/p>\n\n\n\n<p class=\"wp-block-paragraph\">Sin embargo, apunt\u00f3 que para los menores existe un grado mayor de vulnerabilidad, espec\u00edficamente cuando cumplen la edad l\u00edmite para permanecer en el centro penitenciario, pues deben afrontar la separaci\u00f3n de su progenitora y la inserci\u00f3n \u2013abrupta-, a \u00e1mbitos desconocidos para ellos.<\/p>\n\n\n\n<p class=\"wp-block-paragraph\">Ante la situaci\u00f3n de indefensi\u00f3n que la poblaci\u00f3n infantil vive en los Ceresos especialmente de Veracruz, Jes\u00fas Alberto P\u00e9rez desarroll\u00f3 el proyecto de intervenci\u00f3n jur\u00eddica \u201cEl derecho a la separaci\u00f3n gradual y paulatina de ni\u00f1as y ni\u00f1os que viven con sus madres en los Centros de Reinserci\u00f3n Social de Veracruz\u201d.<\/p>\n\n\n\n<p class=\"wp-block-paragraph\">\u201cA trav\u00e9s de este trabajo busco la generaci\u00f3n de un protocolo para la separaci\u00f3n gradual y paulatina de los menores que viven con sus padres y madres en estos lugares, en los que se priorice garantizar el respeto a su salud mental que hasta ahora ha quedado a la deriva\u201d.<\/p>\n\n\n\n<p class=\"wp-block-paragraph\">Si bien estos centros tienen protocolos al interior que buscan la protecci\u00f3n de la salud mental, no as\u00ed para su atenci\u00f3n cuando salen del lugar. El desapego, sin una intervenci\u00f3n adecuada, puede provocar una desestabilidad emocional muy fuerte en los menores, por ello la importancia de salvaguardar este derecho.<\/p>\n\n\n\n<p class=\"wp-block-paragraph\">A partir de que el menor cumple tres a\u00f1os de edad, los centros ya no se hacen responsables de ellos, aunque ya est\u00e1n acostumbrados a habitar un lugar cerrado, tener un pase de lista y horas espec\u00edficas para la comida, as\u00ed como espacios peque\u00f1os para la recreaci\u00f3n.<\/p>\n\n\n\n<p class=\"wp-block-paragraph\">\u201cNo hay autoridad que se preocupe para que el menor sea reinsertado en su n\u00facleo familiar de una manera correcta. La madre puede permitir que salga, pero los sonidos de los animales y de los veh\u00edculos, todo eso es nuevo, lo que puede provocar en los ni\u00f1os una crisis emocional.\u201d<\/p>\n\n\n\n<p class=\"wp-block-paragraph\">El universitario mencion\u00f3 que no existe un protocolo a nivel nacional para atender de manera integral la separaci\u00f3n gradual y paulatina. El Estado y autoridades no se han preocupado por reinsertar socialmente al menor de edad con su nueva familia, con la que crecer\u00e1, \u201cno se han preocupado por la salud mental de esta poblaci\u00f3n infantil\u201d.<\/p>\n\n\n\n<p class=\"wp-block-paragraph\">Por ello, con el protocolo desarrollado busca garantizar y proteger a los ni\u00f1os y las ni\u00f1as, ya que no s\u00f3lo tiene una visi\u00f3n jur\u00eddica, sino una visi\u00f3n multi e interdisciplinaria pues trabaj\u00f3 con psic\u00f3logos, psiquiatras y pediatras para establecer las rutas y acciones de protecci\u00f3n al derecho a la salud mental.<\/p>\n\n\n\n<p class=\"wp-block-paragraph\">\u201cSe aplicar\u00e1 a un ni\u00f1o que vive en un Cereso y meses antes de que cumpla tres a\u00f1os de edad se le preparar\u00e1 para la separaci\u00f3n de sus padres y tenga una buena reinserci\u00f3n social; no queremos que el protocolo violente alg\u00fan derecho humano, sino que apoye a la familia receptora.<\/p>\n\n\n\n<p class=\"wp-block-paragraph\">\u201dLa tarea fue ardua porque Veracruz cuenta con 17 Ceresos y ser una poblaci\u00f3n cautiva y est\u00e1tica hizo dif\u00edcil encontrar un justiciable, por temor a represalias por parte del Estado, haci\u00e9ndola una tarea complicada.\u201d<\/p>\n\n\n\n<p class=\"wp-block-paragraph\">Enfatiz\u00f3 que es necesario romper con el paradigma de ver a la ni\u00f1ez y a la adolescencia como objetos de derecho, cuando deber\u00edan ser sujetos de derecho y hacer prevalecer el inter\u00e9s superior de la ni\u00f1ez.<\/p>\n\n\n\n<p class=\"wp-block-paragraph\">Por \u00faltimo, Jes\u00fas Alberto P\u00e9rez dijo que tiene el inter\u00e9s de publicar el protocolo en la Gaceta Oficial del Estado de Veracruz, a fin de que el proyecto se convierta en una pol\u00edtica estatal y sea reproducido por otras entidades federativas.<\/p>\n","protected":false},"excerpt":{"rendered":"<p>Orizaba, Ver.- De acuerdo al Censo Nacional del Sistema Penitenciario Federal y Estatales 2021, realizado por el Instituto Nacional de Estad\u00edstica y Geograf\u00eda (Inegi), al cierre de 2020 en el pa\u00eds hab\u00eda 356 mujeres privadas de la libertad en situaci\u00f3n de embarazo y\/o en periodo de lactancia (57.3 por ciento) y 384 que tuvieron consigo [&hellip;]<\/p>\n","protected":false},"author":4,"featured_media":4775,"comment_status":"open","ping_status":"open","sticky":false,"template":"","format":"standard","meta":{"tdm_status":"","tdm_grid_status":"","footnotes":""},"categories":[10],"tags":[],"class_list":["post-4799","post","type-post","status-publish","format-standard","has-post-thumbnail","category-local-regional"],"_links":{"self":[{"href":"https:\/\/elrotativo.com.mx\/portal\/wp-json\/wp\/v2\/posts\/4799","targetHints":{"allow":["GET"]}}],"collection":[{"href":"https:\/\/elrotativo.com.mx\/portal\/wp-json\/wp\/v2\/posts"}],"about":[{"href":"https:\/\/elrotativo.com.mx\/portal\/wp-json\/wp\/v2\/types\/post"}],"author":[{"embeddable":true,"href":"https:\/\/elrotativo.com.mx\/portal\/wp-json\/wp\/v2\/users\/4"}],"replies":[{"embeddable":true,"href":"https:\/\/elrotativo.com.mx\/portal\/wp-json\/wp\/v2\/comments?post=4799"}],"version-history":[{"count":1,"href":"https:\/\/elrotativo.com.mx\/portal\/wp-json\/wp\/v2\/posts\/4799\/revisions"}],"predecessor-version":[{"id":4800,"href":"https:\/\/elrotativo.com.mx\/portal\/wp-json\/wp\/v2\/posts\/4799\/revisions\/4800"}],"wp:featuredmedia":[{"embeddable":true,"href":"https:\/\/elrotativo.com.mx\/portal\/wp-json\/wp\/v2\/media\/4775"}],"wp:attachment":[{"href":"https:\/\/elrotativo.com.mx\/portal\/wp-json\/wp\/v2\/media?parent=4799"}],"wp:term":[{"taxonomy":"category","embeddable":true,"href":"https:\/\/elrotativo.com.mx\/portal\/wp-json\/wp\/v2\/categories?post=4799"},{"taxonomy":"post_tag","embeddable":true,"href":"https:\/\/elrotativo.com.mx\/portal\/wp-json\/wp\/v2\/tags?post=4799"}],"curies":[{"name":"wp","href":"https:\/\/api.w.org\/{rel}","templated":true}]}}