{"id":4765,"date":"2022-08-08T21:11:31","date_gmt":"2022-08-09T02:11:31","guid":{"rendered":"https:\/\/elrotativo.mx\/portal\/?p=4765"},"modified":"2022-08-08T21:11:32","modified_gmt":"2022-08-09T02:11:32","slug":"celebraran-en-soledad-atzompa-el-dia-internacional-de-los-pueblos-indigenas","status":"publish","type":"post","link":"https:\/\/elrotativo.com.mx\/portal\/celebraran-en-soledad-atzompa-el-dia-internacional-de-los-pueblos-indigenas\/","title":{"rendered":"Celebrar\u00e1n en Soledad Atzompa, el D\u00eda Internacional de los Pueblos Ind\u00edgenas"},"content":{"rendered":"\n<p class=\"wp-block-paragraph\">Soledad Atzompa, Ver.- Con el fin de que no pasar por desapercibido el D\u00eda Internacional de los Pueblos Ind\u00edgenas, este martes 9 de agosto, en el municipio de Soledad Atzompa, se llevar\u00e1n a cabo varias actividades entre las que destacan exposiciones donde se habr\u00e1n de exhibir las costumbres, tradiciones y riquezas, dio a conocer el alcalde Demetrio Cruz de Jes\u00fas.<\/p>\n\n\n\n<p class=\"wp-block-paragraph\">Es por ello que el edil invit\u00f3 a participar en esta festividad que dar\u00e1 inicio a las 10 horas en la explanada del Palacio Municipal, y precis\u00f3 que el objetivo es resaltar la importancia de los pueblos ind\u00edgenas en la regi\u00f3n y en la historia de M\u00e9xico, adem\u00e1s de que se busca rescatar la cosmovisi\u00f3n y la pluriculturalidad de los ind\u00edgenas.<\/p>\n\n\n\n<p class=\"wp-block-paragraph\">De la misma manera, coment\u00f3 que el objetivo es claro, poder exponer aspectos de su cultura, tradiciones, gastronom\u00eda, artesan\u00edas, danza, m\u00fasica<\/p>\n\n\n\n<p class=\"wp-block-paragraph\">\u201cVamos a participar en este magno evento a las 10 de la ma\u00f1ana, esta es la primera edici\u00f3n del D\u00eda Internacional de los Pueblos Ind\u00edgenas, donde se mostrar\u00e1 la riqueza artesanal, gastron\u00f3mica y cultural que tenemos en nuestro pueblo\u201d.<\/p>\n\n\n\n<p class=\"wp-block-paragraph\">Se\u00f1al\u00f3 que con estos trabajos que se realizar\u00e1n se busca rescatar aquellos aspectos de su esencia ind\u00edgena que se hubieran perdido, pero tambi\u00e9n para seguir promoviendo la riqueza cultural ind\u00edgena de este lugar.<\/p>\n","protected":false},"excerpt":{"rendered":"<p>Soledad Atzompa, Ver.- Con el fin de que no pasar por desapercibido el D\u00eda Internacional de los Pueblos Ind\u00edgenas, este martes 9 de agosto, en el municipio de Soledad Atzompa, se llevar\u00e1n a cabo varias actividades entre las que destacan exposiciones donde se habr\u00e1n de exhibir las costumbres, tradiciones y riquezas, dio a conocer el [&hellip;]<\/p>\n","protected":false},"author":4,"featured_media":4766,"comment_status":"open","ping_status":"open","sticky":false,"template":"","format":"standard","meta":{"tdm_status":"","tdm_grid_status":"","footnotes":""},"categories":[10],"tags":[],"class_list":["post-4765","post","type-post","status-publish","format-standard","has-post-thumbnail","category-local-regional"],"_links":{"self":[{"href":"https:\/\/elrotativo.com.mx\/portal\/wp-json\/wp\/v2\/posts\/4765","targetHints":{"allow":["GET"]}}],"collection":[{"href":"https:\/\/elrotativo.com.mx\/portal\/wp-json\/wp\/v2\/posts"}],"about":[{"href":"https:\/\/elrotativo.com.mx\/portal\/wp-json\/wp\/v2\/types\/post"}],"author":[{"embeddable":true,"href":"https:\/\/elrotativo.com.mx\/portal\/wp-json\/wp\/v2\/users\/4"}],"replies":[{"embeddable":true,"href":"https:\/\/elrotativo.com.mx\/portal\/wp-json\/wp\/v2\/comments?post=4765"}],"version-history":[{"count":1,"href":"https:\/\/elrotativo.com.mx\/portal\/wp-json\/wp\/v2\/posts\/4765\/revisions"}],"predecessor-version":[{"id":4767,"href":"https:\/\/elrotativo.com.mx\/portal\/wp-json\/wp\/v2\/posts\/4765\/revisions\/4767"}],"wp:featuredmedia":[{"embeddable":true,"href":"https:\/\/elrotativo.com.mx\/portal\/wp-json\/wp\/v2\/media\/4766"}],"wp:attachment":[{"href":"https:\/\/elrotativo.com.mx\/portal\/wp-json\/wp\/v2\/media?parent=4765"}],"wp:term":[{"taxonomy":"category","embeddable":true,"href":"https:\/\/elrotativo.com.mx\/portal\/wp-json\/wp\/v2\/categories?post=4765"},{"taxonomy":"post_tag","embeddable":true,"href":"https:\/\/elrotativo.com.mx\/portal\/wp-json\/wp\/v2\/tags?post=4765"}],"curies":[{"name":"wp","href":"https:\/\/api.w.org\/{rel}","templated":true}]}}