{"id":4752,"date":"2022-08-08T00:17:15","date_gmt":"2022-08-08T05:17:15","guid":{"rendered":"https:\/\/elrotativo.mx\/portal\/?p=4752"},"modified":"2022-08-08T00:17:16","modified_gmt":"2022-08-08T05:17:16","slug":"cae-arbol-sobre-automovil-y-bloquea-la-carretera-federal-a-orizaba","status":"publish","type":"post","link":"https:\/\/elrotativo.com.mx\/portal\/cae-arbol-sobre-automovil-y-bloquea-la-carretera-federal-a-orizaba\/","title":{"rendered":"Cae \u00e1rbol sobre autom\u00f3vil y bloquea la carretera federal a Orizaba"},"content":{"rendered":"\n<p class=\"wp-block-paragraph\">Ixtaczoquitl\u00e1n, Ver.- Debido a la saturaci\u00f3n del suelo a consecuencia de las lluvias, provocaron la noche de este domingo, que \u00e1rboles se desprendieran y cayeran sobre la carretera federal Fort\u00edn a Orizaba.<\/p>\n\n\n\n<p class=\"wp-block-paragraph\">Debido a ello, un \u00e1rbol cay\u00f3 sobre un autom\u00f3vil cuando circulaba en el tramo Cuautlapan-Carta Blanca en el municipio de Ixtaczoquitl\u00e1n.<\/p>\n\n\n\n<p class=\"wp-block-paragraph\">La ca\u00edda del \u00e1rbol caus\u00f3 da\u00f1os materiales y la movilizaci\u00f3n de los servicios de emergencia para atender al conductor del veh\u00edculo Faw que circulaba con rumbo a Orizaba.<\/p>\n\n\n\n<p class=\"wp-block-paragraph\">La circulaci\u00f3n vial se vio afectada en ambos carriles por varios minutos hasta que arribaron elementos del grupo de rescate \u00c1guilas Negras del municipio de Fort\u00edn qui\u00e9nes trabajaron de manera coordinada para poder talar el \u00e1rbol y as\u00ed reabrir el tr\u00e1nsito vehicular.<\/p>\n","protected":false},"excerpt":{"rendered":"<p>Ixtaczoquitl\u00e1n, Ver.- Debido a la saturaci\u00f3n del suelo a consecuencia de las lluvias, provocaron la noche de este domingo, que \u00e1rboles se desprendieran y cayeran sobre la carretera federal Fort\u00edn a Orizaba. Debido a ello, un \u00e1rbol cay\u00f3 sobre un autom\u00f3vil cuando circulaba en el tramo Cuautlapan-Carta Blanca en el municipio de Ixtaczoquitl\u00e1n. La ca\u00edda [&hellip;]<\/p>\n","protected":false},"author":4,"featured_media":4674,"comment_status":"open","ping_status":"open","sticky":false,"template":"","format":"standard","meta":{"tdm_status":"","tdm_grid_status":"","footnotes":""},"categories":[7],"tags":[],"class_list":["post-4752","post","type-post","status-publish","format-standard","has-post-thumbnail","category-policiaca"],"_links":{"self":[{"href":"https:\/\/elrotativo.com.mx\/portal\/wp-json\/wp\/v2\/posts\/4752","targetHints":{"allow":["GET"]}}],"collection":[{"href":"https:\/\/elrotativo.com.mx\/portal\/wp-json\/wp\/v2\/posts"}],"about":[{"href":"https:\/\/elrotativo.com.mx\/portal\/wp-json\/wp\/v2\/types\/post"}],"author":[{"embeddable":true,"href":"https:\/\/elrotativo.com.mx\/portal\/wp-json\/wp\/v2\/users\/4"}],"replies":[{"embeddable":true,"href":"https:\/\/elrotativo.com.mx\/portal\/wp-json\/wp\/v2\/comments?post=4752"}],"version-history":[{"count":1,"href":"https:\/\/elrotativo.com.mx\/portal\/wp-json\/wp\/v2\/posts\/4752\/revisions"}],"predecessor-version":[{"id":4753,"href":"https:\/\/elrotativo.com.mx\/portal\/wp-json\/wp\/v2\/posts\/4752\/revisions\/4753"}],"wp:featuredmedia":[{"embeddable":true,"href":"https:\/\/elrotativo.com.mx\/portal\/wp-json\/wp\/v2\/media\/4674"}],"wp:attachment":[{"href":"https:\/\/elrotativo.com.mx\/portal\/wp-json\/wp\/v2\/media?parent=4752"}],"wp:term":[{"taxonomy":"category","embeddable":true,"href":"https:\/\/elrotativo.com.mx\/portal\/wp-json\/wp\/v2\/categories?post=4752"},{"taxonomy":"post_tag","embeddable":true,"href":"https:\/\/elrotativo.com.mx\/portal\/wp-json\/wp\/v2\/tags?post=4752"}],"curies":[{"name":"wp","href":"https:\/\/api.w.org\/{rel}","templated":true}]}}