{"id":4750,"date":"2022-08-08T00:16:08","date_gmt":"2022-08-08T05:16:08","guid":{"rendered":"https:\/\/elrotativo.mx\/portal\/?p=4750"},"modified":"2022-08-08T00:16:11","modified_gmt":"2022-08-08T05:16:11","slug":"sale-trailer-de-la-autopista-y-se-mete-en-restaurante","status":"publish","type":"post","link":"https:\/\/elrotativo.com.mx\/portal\/sale-trailer-de-la-autopista-y-se-mete-en-restaurante\/","title":{"rendered":"Sale tr\u00e1iler de la autopista y se mete en restaurante"},"content":{"rendered":"\n<p class=\"wp-block-paragraph\">Nogales, Ver.- Un tr\u00e1iler con doble remolque sali\u00f3 de la autopista y choc\u00f3 contra la pared del bar La Pasadita, durante la tarde de este domingo, a la altura de La Laguna de Nogales.<\/p>\n\n\n\n<p class=\"wp-block-paragraph\">El accidente no arroj\u00f3 lesionados, solo p\u00e9rdidas materiales. Fue a las 17:30 horas, cuando un ch\u00f3fer conduc\u00eda un tracto cami\u00f3n marca Kenworth, color blanco, con raz\u00f3n social de \u00abAuto-Qu\u00edmicos\u00bb, doble remolque sobre la autopista tramo Ciudad Mendoza-Orizaba, carril de bajada.<\/p>\n\n\n\n<p class=\"wp-block-paragraph\">Fue a la altura del kil\u00f3metro 263, y Curva de la Laguna de Nogales, donde el operador perdi\u00f3 el control de la unidad por el piso mojado.<\/p>\n\n\n\n<p class=\"wp-block-paragraph\">Tras patinar algunos metros, la unidad sali\u00f3 de la carretera, derrib\u00f3 unos \u00e1rboles y choc\u00f3 contra la barda del bar \u00abla Pasadita\u00bb.<\/p>\n\n\n\n<p class=\"wp-block-paragraph\">El remolque trasero, que iba vac\u00edo, luego del impacto volc\u00f3.<\/p>\n\n\n\n<p class=\"wp-block-paragraph\">Oficiales de la Guardia Nacional divisi\u00f3n Carreteras abander\u00f3 dl lugar hasta el retiro del tr\u00e1iler y cajas.<\/p>\n","protected":false},"excerpt":{"rendered":"<p>Nogales, Ver.- Un tr\u00e1iler con doble remolque sali\u00f3 de la autopista y choc\u00f3 contra la pared del bar La Pasadita, durante la tarde de este domingo, a la altura de La Laguna de Nogales. El accidente no arroj\u00f3 lesionados, solo p\u00e9rdidas materiales. Fue a las 17:30 horas, cuando un ch\u00f3fer conduc\u00eda un tracto cami\u00f3n marca [&hellip;]<\/p>\n","protected":false},"author":4,"featured_media":4673,"comment_status":"open","ping_status":"open","sticky":false,"template":"","format":"standard","meta":{"tdm_status":"","tdm_grid_status":"","footnotes":""},"categories":[7],"tags":[],"class_list":["post-4750","post","type-post","status-publish","format-standard","has-post-thumbnail","category-policiaca"],"_links":{"self":[{"href":"https:\/\/elrotativo.com.mx\/portal\/wp-json\/wp\/v2\/posts\/4750","targetHints":{"allow":["GET"]}}],"collection":[{"href":"https:\/\/elrotativo.com.mx\/portal\/wp-json\/wp\/v2\/posts"}],"about":[{"href":"https:\/\/elrotativo.com.mx\/portal\/wp-json\/wp\/v2\/types\/post"}],"author":[{"embeddable":true,"href":"https:\/\/elrotativo.com.mx\/portal\/wp-json\/wp\/v2\/users\/4"}],"replies":[{"embeddable":true,"href":"https:\/\/elrotativo.com.mx\/portal\/wp-json\/wp\/v2\/comments?post=4750"}],"version-history":[{"count":1,"href":"https:\/\/elrotativo.com.mx\/portal\/wp-json\/wp\/v2\/posts\/4750\/revisions"}],"predecessor-version":[{"id":4751,"href":"https:\/\/elrotativo.com.mx\/portal\/wp-json\/wp\/v2\/posts\/4750\/revisions\/4751"}],"wp:featuredmedia":[{"embeddable":true,"href":"https:\/\/elrotativo.com.mx\/portal\/wp-json\/wp\/v2\/media\/4673"}],"wp:attachment":[{"href":"https:\/\/elrotativo.com.mx\/portal\/wp-json\/wp\/v2\/media?parent=4750"}],"wp:term":[{"taxonomy":"category","embeddable":true,"href":"https:\/\/elrotativo.com.mx\/portal\/wp-json\/wp\/v2\/categories?post=4750"},{"taxonomy":"post_tag","embeddable":true,"href":"https:\/\/elrotativo.com.mx\/portal\/wp-json\/wp\/v2\/tags?post=4750"}],"curies":[{"name":"wp","href":"https:\/\/api.w.org\/{rel}","templated":true}]}}