{"id":4738,"date":"2022-08-08T00:05:53","date_gmt":"2022-08-08T05:05:53","guid":{"rendered":"https:\/\/elrotativo.mx\/portal\/?p=4738"},"modified":"2022-08-08T00:05:55","modified_gmt":"2022-08-08T05:05:55","slug":"no-hay-suficientes-policias-en-atzacan","status":"publish","type":"post","link":"https:\/\/elrotativo.com.mx\/portal\/no-hay-suficientes-policias-en-atzacan\/","title":{"rendered":"No hay suficientes polic\u00edas en Atzacan"},"content":{"rendered":"\n<p class=\"wp-block-paragraph\">Atzacan, Ver.- La falta de recursos p\u00fablicos ha frenado la contrataci\u00f3n de m\u00e1s polic\u00edas municipales, reconoci\u00f3 el alcalde Mario Alberto Vargas Amador quien dijo que se tuvieron que pagar laudos as\u00ed como deudas que heredaron y no hay equipamiento.<\/p>\n\n\n\n<p class=\"wp-block-paragraph\">Reconoci\u00f3 que se hab\u00edan fijado el objetivo de contar con un total de 46 polic\u00edas, pero debido a que las finanzas no est\u00e1n sanas por los pendientes que dejaron en la anterior administraci\u00f3n y los laudos que les ha tocado pagar, les ha sido imposible.<\/p>\n\n\n\n<p class=\"wp-block-paragraph\">Coment\u00f3 que posiblemente en 2023, se contrate a m\u00e1s elementos para la Polic\u00eda Municipal de Atzacan esto debido a que s\u00f3lo hay 24 uniformados que resguardan la seguridad de todo el pueblo.<\/p>\n\n\n\n<p class=\"wp-block-paragraph\">Indic\u00f3 que no se podr\u00e1 invertir en todo lo que se quiere, por lo que este a\u00f1o se adquirir\u00e1n cuatro patrullas y el pr\u00f3ximo se atender\u00e1 lo referente a la plantilla de la polic\u00eda.<\/p>\n\n\n\n<p class=\"wp-block-paragraph\">Asimismo mencion\u00f3 que tienen el proyecto de invertir en c\u00e1maras de videovigilancia, pero eso se har\u00e1 hasta el tercer a\u00f1o.<\/p>\n\n\n\n<p class=\"wp-block-paragraph\">En cuanto a las unidades, dijo que se ha hecho el pedido a las agencias automotrices, pero no han podido adquirir las cuatro unidades que se tienen proyectadas para este a\u00f1o.<\/p>\n\n\n\n<p class=\"wp-block-paragraph\">\u201cAl no haber la suficiente oferta vamos a cuentagotas, pero ya se les dot\u00f3 de una patrulla, hablamos con el proveedor de la agencia y nos dijo que en julio no fue posible, pero a finales de agosto se nos podr\u00edan dar otras dos m\u00e1s\u201d.<\/p>\n\n\n\n<p class=\"wp-block-paragraph\">Atzacan s\u00f3lo cuenta con dos patrullas, las cuales se adquirieron en 2011, que fueron dos Mitsubichi que se compraron en la administraci\u00f3n del entonces presidente Lucio Ju\u00e1rez, lo que quiere decir que en 11 a\u00f1os no se ha adquirido un s\u00f3lo veh\u00edculo para la corporaci\u00f3n.<\/p>\n","protected":false},"excerpt":{"rendered":"<p>Atzacan, Ver.- La falta de recursos p\u00fablicos ha frenado la contrataci\u00f3n de m\u00e1s polic\u00edas municipales, reconoci\u00f3 el alcalde Mario Alberto Vargas Amador quien dijo que se tuvieron que pagar laudos as\u00ed como deudas que heredaron y no hay equipamiento. Reconoci\u00f3 que se hab\u00edan fijado el objetivo de contar con un total de 46 polic\u00edas, pero [&hellip;]<\/p>\n","protected":false},"author":4,"featured_media":4687,"comment_status":"open","ping_status":"open","sticky":false,"template":"","format":"standard","meta":{"tdm_status":"","tdm_grid_status":"","footnotes":""},"categories":[10],"tags":[],"class_list":["post-4738","post","type-post","status-publish","format-standard","has-post-thumbnail","category-local-regional"],"_links":{"self":[{"href":"https:\/\/elrotativo.com.mx\/portal\/wp-json\/wp\/v2\/posts\/4738","targetHints":{"allow":["GET"]}}],"collection":[{"href":"https:\/\/elrotativo.com.mx\/portal\/wp-json\/wp\/v2\/posts"}],"about":[{"href":"https:\/\/elrotativo.com.mx\/portal\/wp-json\/wp\/v2\/types\/post"}],"author":[{"embeddable":true,"href":"https:\/\/elrotativo.com.mx\/portal\/wp-json\/wp\/v2\/users\/4"}],"replies":[{"embeddable":true,"href":"https:\/\/elrotativo.com.mx\/portal\/wp-json\/wp\/v2\/comments?post=4738"}],"version-history":[{"count":1,"href":"https:\/\/elrotativo.com.mx\/portal\/wp-json\/wp\/v2\/posts\/4738\/revisions"}],"predecessor-version":[{"id":4739,"href":"https:\/\/elrotativo.com.mx\/portal\/wp-json\/wp\/v2\/posts\/4738\/revisions\/4739"}],"wp:featuredmedia":[{"embeddable":true,"href":"https:\/\/elrotativo.com.mx\/portal\/wp-json\/wp\/v2\/media\/4687"}],"wp:attachment":[{"href":"https:\/\/elrotativo.com.mx\/portal\/wp-json\/wp\/v2\/media?parent=4738"}],"wp:term":[{"taxonomy":"category","embeddable":true,"href":"https:\/\/elrotativo.com.mx\/portal\/wp-json\/wp\/v2\/categories?post=4738"},{"taxonomy":"post_tag","embeddable":true,"href":"https:\/\/elrotativo.com.mx\/portal\/wp-json\/wp\/v2\/tags?post=4738"}],"curies":[{"name":"wp","href":"https:\/\/api.w.org\/{rel}","templated":true}]}}