{"id":4477,"date":"2022-08-02T09:12:31","date_gmt":"2022-08-02T14:12:31","guid":{"rendered":"https:\/\/elrotativo.mx\/portal\/?p=4477"},"modified":"2022-08-02T09:12:34","modified_gmt":"2022-08-02T14:12:34","slug":"denunciara-pan-a-morena-por-desvio-de-recursos-al-hacer-acarreos","status":"publish","type":"post","link":"https:\/\/elrotativo.com.mx\/portal\/denunciara-pan-a-morena-por-desvio-de-recursos-al-hacer-acarreos\/","title":{"rendered":"Denunciar\u00e1 PAN a Morena por desv\u00edo de recursos al hacer \u201cacarreos\u201d"},"content":{"rendered":"\n<p>Xalapa, Ver.- Por presunto desv\u00edo de recursos p\u00fablicos, tras los acarreos que aseguran se hicieron en diferentes partes del pa\u00eds para la elecci\u00f3n interna, el Partido Acci\u00f3n Nacional (PAN) denunciar\u00e1 a Morena, adelant\u00f3 el senador Julen Rementer\u00eda.<\/p>\n\n\n\n<p>En rueda de prensa virtual, el congresista de oposici\u00f3n calific\u00f3 como \u00abdescomunal\u00bb la movilizaci\u00f3n que realizaron los dirigentes del partido en el poder, no s\u00f3lo en el estado, sino en todo el pa\u00eds,&nbsp; adem\u00e1s del condicionamiento de programas sociales que denunciaron algunas personas les hicieron por parte de integrantes de Morena.<\/p>\n\n\n\n<p>\u00abPorque la verdad es una verg\u00fcenza que hoy todav\u00eda en los tiempos que vivimos estas cosas se est\u00e9n dando como sucedieron; en donde hubo aquello que criticaron fue lo que m\u00e1s ocuparon\u00bb.<\/p>\n\n\n\n<p>\u00ab\u00bfEntonces ante qu\u00e9 estamos? \u00bfSimplemente poblaci\u00f3n amenazada que se ve obligada a ir porque o le quitan su empleo o acceso a su programa social? Hay funcionarios en donde les dijeron &#8216;t\u00fa tienes que traer a al menos 10 personas sino corre el riesgo tu empleo'\u00bb.<\/p>\n\n\n\n<p>Indic\u00f3 que, con esos antecedentes, Morena no tiene argumentos para intentar a desaparecer el Instituto Nacional Electoral (INE) para crear un organismo nuevo, que ser\u00eda \u00abla muerte\u00bb.<\/p>\n\n\n\n<p>Tambi\u00e9n calific\u00f3 como una venganza pol\u00edtica la detenci\u00f3n del ex titular de la Fiscal\u00eda General del Estado (FGE), Jorge \u00abN\u00bb, quien hoy fue trasladado al penal del Altiplano.<\/p>\n\n\n\n<p>Adem\u00e1s, se\u00f1al\u00f3 que es \u00abmuy triste\u00bb que Morena use a la mayor\u00eda en el Congreso local para aprobar leyes a favor de una persona, como es el caso de la llamada \u00abLey Nahle\u00bb.<\/p>\n","protected":false},"excerpt":{"rendered":"<p>Xalapa, Ver.- Por presunto desv\u00edo de recursos p\u00fablicos, tras los acarreos que aseguran se hicieron en diferentes partes del pa\u00eds para la elecci\u00f3n interna, el Partido Acci\u00f3n Nacional (PAN) denunciar\u00e1 a Morena, adelant\u00f3 el senador Julen Rementer\u00eda. En rueda de prensa virtual, el congresista de oposici\u00f3n calific\u00f3 como \u00abdescomunal\u00bb la movilizaci\u00f3n que realizaron los dirigentes [&hellip;]<\/p>\n","protected":false},"author":4,"featured_media":4381,"comment_status":"open","ping_status":"open","sticky":false,"template":"","format":"standard","meta":{"rop_custom_images_group":[],"rop_custom_messages_group":[],"rop_publish_now":"initial","rop_publish_now_accounts":{"facebook_2001103103558832_1797403930571497":""},"rop_publish_now_history":[],"rop_publish_now_status":"pending","tdm_status":"","tdm_grid_status":"","footnotes":""},"categories":[6],"tags":[],"class_list":{"0":"post-4477","1":"post","2":"type-post","3":"status-publish","4":"format-standard","5":"has-post-thumbnail","7":"category-estatal"},"_links":{"self":[{"href":"https:\/\/elrotativo.com.mx\/portal\/wp-json\/wp\/v2\/posts\/4477","targetHints":{"allow":["GET"]}}],"collection":[{"href":"https:\/\/elrotativo.com.mx\/portal\/wp-json\/wp\/v2\/posts"}],"about":[{"href":"https:\/\/elrotativo.com.mx\/portal\/wp-json\/wp\/v2\/types\/post"}],"author":[{"embeddable":true,"href":"https:\/\/elrotativo.com.mx\/portal\/wp-json\/wp\/v2\/users\/4"}],"replies":[{"embeddable":true,"href":"https:\/\/elrotativo.com.mx\/portal\/wp-json\/wp\/v2\/comments?post=4477"}],"version-history":[{"count":1,"href":"https:\/\/elrotativo.com.mx\/portal\/wp-json\/wp\/v2\/posts\/4477\/revisions"}],"predecessor-version":[{"id":4478,"href":"https:\/\/elrotativo.com.mx\/portal\/wp-json\/wp\/v2\/posts\/4477\/revisions\/4478"}],"wp:featuredmedia":[{"embeddable":true,"href":"https:\/\/elrotativo.com.mx\/portal\/wp-json\/wp\/v2\/media\/4381"}],"wp:attachment":[{"href":"https:\/\/elrotativo.com.mx\/portal\/wp-json\/wp\/v2\/media?parent=4477"}],"wp:term":[{"taxonomy":"category","embeddable":true,"href":"https:\/\/elrotativo.com.mx\/portal\/wp-json\/wp\/v2\/categories?post=4477"},{"taxonomy":"post_tag","embeddable":true,"href":"https:\/\/elrotativo.com.mx\/portal\/wp-json\/wp\/v2\/tags?post=4477"}],"curies":[{"name":"wp","href":"https:\/\/api.w.org\/{rel}","templated":true}]}}