{"id":4475,"date":"2022-08-02T09:11:31","date_gmt":"2022-08-02T14:11:31","guid":{"rendered":"https:\/\/elrotativo.mx\/portal\/?p=4475"},"modified":"2022-08-02T09:11:32","modified_gmt":"2022-08-02T14:11:32","slug":"tendra-cordoba-vi-festival-internacional-del-folklore","status":"publish","type":"post","link":"https:\/\/elrotativo.com.mx\/portal\/tendra-cordoba-vi-festival-internacional-del-folklore\/","title":{"rendered":"Tendr\u00e1 C\u00f3rdoba VI Festival Internacional del Folklore"},"content":{"rendered":"\n<p><strong>*Hay cinco pa\u00edses invitados y 150 artistas nacionales<\/strong><\/p>\n\n\n\n<p>C\u00f3rdoba, Ver.- Con la participaci\u00f3n de cinco delegaciones internacionales y 150 artistas nacionales, se llevar\u00e1 a cabo en C\u00f3rdoba del 6 al 10 de agosto, el \u201c6to Festival Internacional del Folklore 2022\u201d, generando consigo una importante derrama econ\u00f3mica y el renacimiento de la cultura, dijo la directora del festival, Jessica Navarro Galanraymond.<\/p>\n\n\n\n<p>En conferencia de prensa realizada en el Sal\u00f3n Central, la directora del festival, indic\u00f3 que el objetivo principal es promover y difundir la cultura tradicional a trav\u00e9s de g\u00e9neros de expresi\u00f3n. \u201cBuscamos difundir la cultura tradicional a trav\u00e9s de g\u00e9neros de expresi\u00f3n, tales como el baile, la m\u00fasica, los juegos, rituales, las costumbres, artesan\u00edas y otras artes que contribuyan de manera preponderante al fomento de la identidad y diversidad cultural\u201d, dijo.<\/p>\n\n\n\n<p>Durante este festival se estar\u00e1n recibiendo a delegaciones de: Ecuador representado por el maestro Crist\u00f3bal Ortega, r\u00e9cord Guinness como el pintor m\u00e1s veloz acompa\u00f1ado de otros artistas; Catalu\u00f1a, Espa\u00f1a estar\u00e1 representado por una escuela de baile; de Puerto Rico se recibir\u00e1 a la delegaci\u00f3n de m\u00fasicos \u00abHaciendo Patria\u00bb; de Per\u00fa se contar\u00e1 con el baile \u201cDanza de las Tijeras\u201d y de Colombia, la corporaci\u00f3n cultura \u201cDanzar\u201d.<\/p>\n\n\n\n<p>Como pa\u00eds anfitri\u00f3n, M\u00e9xico tendr\u00e1 una participaci\u00f3n importante a trav\u00e9s de delegaciones provenientes del Estado de M\u00e9xico, Tlaxcala, Oaxaca, Ciudad de M\u00e9xico y Veracruz que ser\u00e1 representado por 17 agrupaciones.<\/p>\n\n\n\n<p>La directora del Festival, agradeci\u00f3 el apoyo del Presidente Municipal, Juan Mart\u00ednez Flores, para la realizaci\u00f3n de este festival, el cual contar\u00e1 con foros, encuentro de m\u00fasicos, galas internacionales, desfile que circular\u00e1 por las principales calles de la ciudad, donde participar\u00e1n las 17 delegaciones nacionales y regionales, adem\u00e1s de talleres de danza y el marat\u00f3n folkl\u00f3rico que consistir\u00e1 en la presentaci\u00f3n de grupos en el parque 21 de Mayo.<\/p>\n\n\n\n<p>Tambi\u00e9n se contempla el rescate de juegos tradicionales, teniendo como foro principal el parque 21 de Mayo, el teatro Pedro D\u00edaz y la Ex Hacienda Toxpan. Las galas que ser\u00e1n presentadas en el teatro Pedro D\u00edaz, tendr\u00e1n un costo de recuperaci\u00f3n de 50 pesos, aunque la mayor parte de las actividades ser\u00e1n gratuitas.<\/p>\n\n\n\n<p>La directora de la compa\u00f1\u00eda estuvo acompa\u00f1ada de los regidores Daniel V\u00e1zquez Hern\u00e1ndez, Jonathan Rosas Blanco y Mar\u00eda del Carmen Aguilar Mendoza, quienes destacaron que el 6to Festival traer\u00e1 una importante derrama econ\u00f3mica a la ciudad debido a la movilidad de las distintas delegaciones que llegar\u00e1n a la ciudad.<\/p>\n","protected":false},"excerpt":{"rendered":"<p>*Hay cinco pa\u00edses invitados y 150 artistas nacionales C\u00f3rdoba, Ver.- Con la participaci\u00f3n de cinco delegaciones internacionales y 150 artistas nacionales, se llevar\u00e1 a cabo en C\u00f3rdoba del 6 al 10 de agosto, el \u201c6to Festival Internacional del Folklore 2022\u201d, generando consigo una importante derrama econ\u00f3mica y el renacimiento de la cultura, dijo la directora [&hellip;]<\/p>\n","protected":false},"author":4,"featured_media":4473,"comment_status":"open","ping_status":"open","sticky":false,"template":"","format":"standard","meta":{"rop_custom_images_group":[],"rop_custom_messages_group":[],"rop_publish_now":"initial","rop_publish_now_accounts":{"facebook_2001103103558832_1797403930571497":""},"rop_publish_now_history":[],"rop_publish_now_status":"pending","tdm_status":"","tdm_grid_status":"","footnotes":""},"categories":[10],"tags":[],"class_list":{"0":"post-4475","1":"post","2":"type-post","3":"status-publish","4":"format-standard","5":"has-post-thumbnail","7":"category-local-regional"},"_links":{"self":[{"href":"https:\/\/elrotativo.com.mx\/portal\/wp-json\/wp\/v2\/posts\/4475","targetHints":{"allow":["GET"]}}],"collection":[{"href":"https:\/\/elrotativo.com.mx\/portal\/wp-json\/wp\/v2\/posts"}],"about":[{"href":"https:\/\/elrotativo.com.mx\/portal\/wp-json\/wp\/v2\/types\/post"}],"author":[{"embeddable":true,"href":"https:\/\/elrotativo.com.mx\/portal\/wp-json\/wp\/v2\/users\/4"}],"replies":[{"embeddable":true,"href":"https:\/\/elrotativo.com.mx\/portal\/wp-json\/wp\/v2\/comments?post=4475"}],"version-history":[{"count":1,"href":"https:\/\/elrotativo.com.mx\/portal\/wp-json\/wp\/v2\/posts\/4475\/revisions"}],"predecessor-version":[{"id":4476,"href":"https:\/\/elrotativo.com.mx\/portal\/wp-json\/wp\/v2\/posts\/4475\/revisions\/4476"}],"wp:featuredmedia":[{"embeddable":true,"href":"https:\/\/elrotativo.com.mx\/portal\/wp-json\/wp\/v2\/media\/4473"}],"wp:attachment":[{"href":"https:\/\/elrotativo.com.mx\/portal\/wp-json\/wp\/v2\/media?parent=4475"}],"wp:term":[{"taxonomy":"category","embeddable":true,"href":"https:\/\/elrotativo.com.mx\/portal\/wp-json\/wp\/v2\/categories?post=4475"},{"taxonomy":"post_tag","embeddable":true,"href":"https:\/\/elrotativo.com.mx\/portal\/wp-json\/wp\/v2\/tags?post=4475"}],"curies":[{"name":"wp","href":"https:\/\/api.w.org\/{rel}","templated":true}]}}